{"id":1018,"date":"2017-09-05T14:40:57","date_gmt":"2017-09-05T12:40:57","guid":{"rendered":"https:\/\/www.grundeinkommen-ist-waehlbar.de\/2017-de\/?p=1018"},"modified":"2017-09-18T22:16:21","modified_gmt":"2017-09-18T20:16:21","slug":"rolf-walczak","status":"publish","type":"post","link":"https:\/\/www.grundeinkommen-ist-waehlbar.de\/2017-de\/rolf-walczak\/","title":{"rendered":"Rolf Walczak"},"content":{"rendered":"<p><a href=\"https:\/\/www.grundeinkommen-ist-waehlbar.de\/2017-de\/wp-content\/uploads\/sites\/3\/2017\/09\/RolfPortraitklein-e1504959963428.jpg\"><img decoding=\"async\" src=\"https:\/\/www.grundeinkommen-ist-waehlbar.de\/2017-de\/wp-content\/uploads\/sites\/3\/2017\/09\/RolfPortraitklein-e1504959963428.jpg\" width=\"250px\" height=\"177\" alt=\"RolfPortraitklein\" style=\"display:inline-block\" \/><\/a> <\/p><p>B\u00fcndnis Grundeinkommen (BGE)<\/p>\n<p>Platz 1 auf der Landesliste Bremen<\/p>\n<p>Pers\u00f6nliches Statement:<\/p>\n<p>Es gibt keine Alternative zur baldigen Einf\u00fchrung des Bedingungslosen Grundeinkommens.<\/p>\n<p>Zur Person:<\/p>\n<p>&#8211;<\/p>\n","protected":false},"excerpt":{"rendered":"<p>B\u00fcndnis Grundeinkommen (BGE) Platz 1 auf der Landesliste Bremen Pers\u00f6nliches Statement: Es gibt keine Alternative zur baldigen Einf\u00fchrung des Bedingungslosen Grundeinkommens. Zur Person: &#8211;<\/p>\n","protected":false},"author":1,"featured_media":0,"comment_status":"closed","ping_status":"closed","sticky":false,"template":"","format":"standard","meta":{"footnotes":""},"categories":[12,381,57,54],"tags":[],"class_list":["post-1018","post","type-post","status-publish","format-standard","hentry","category-bremen","category-listkandidatinnen-bremen","category-buendnis-grundeinkommen","category-listenkandidatin"],"_links":{"self":[{"href":"https:\/\/www.grundeinkommen-ist-waehlbar.de\/2017-de\/wp-json\/wp\/v2\/posts\/1018","targetHints":{"allow":["GET"]}}],"collection":[{"href":"https:\/\/www.grundeinkommen-ist-waehlbar.de\/2017-de\/wp-json\/wp\/v2\/posts"}],"about":[{"href":"https:\/\/www.grundeinkommen-ist-waehlbar.de\/2017-de\/wp-json\/wp\/v2\/types\/post"}],"author":[{"embeddable":true,"href":"https:\/\/www.grundeinkommen-ist-waehlbar.de\/2017-de\/wp-json\/wp\/v2\/users\/1"}],"replies":[{"embeddable":true,"href":"https:\/\/www.grundeinkommen-ist-waehlbar.de\/2017-de\/wp-json\/wp\/v2\/comments?post=1018"}],"version-history":[{"count":2,"href":"https:\/\/www.grundeinkommen-ist-waehlbar.de\/2017-de\/wp-json\/wp\/v2\/posts\/1018\/revisions"}],"predecessor-version":[{"id":1021,"href":"https:\/\/www.grundeinkommen-ist-waehlbar.de\/2017-de\/wp-json\/wp\/v2\/posts\/1018\/revisions\/1021"}],"wp:attachment":[{"href":"https:\/\/www.grundeinkommen-ist-waehlbar.de\/2017-de\/wp-json\/wp\/v2\/media?parent=1018"}],"wp:term":[{"taxonomy":"category","embeddable":true,"href":"https:\/\/www.grundeinkommen-ist-waehlbar.de\/2017-de\/wp-json\/wp\/v2\/categories?post=1018"},{"taxonomy":"post_tag","embeddable":true,"href":"https:\/\/www.grundeinkommen-ist-waehlbar.de\/2017-de\/wp-json\/wp\/v2\/tags?post=1018"}],"curies":[{"name":"wp","href":"https:\/\/api.w.org\/{rel}","templated":true}]}}