{"id":1037,"date":"2017-09-06T12:25:09","date_gmt":"2017-09-06T10:25:09","guid":{"rendered":"https:\/\/www.grundeinkommen-ist-waehlbar.de\/2017-de\/?p=1037"},"modified":"2017-09-18T22:16:02","modified_gmt":"2017-09-18T20:16:02","slug":"laura-amanda-glanert","status":"publish","type":"post","link":"https:\/\/www.grundeinkommen-ist-waehlbar.de\/2017-de\/laura-amanda-glanert\/","title":{"rendered":"Laura Amanda Glanert"},"content":{"rendered":"<p><a href=\"https:\/\/www.grundeinkommen-ist-waehlbar.de\/2017-de\/wp-content\/uploads\/sites\/3\/2017\/09\/11.jpg\"><img decoding=\"async\" src=\"https:\/\/www.grundeinkommen-ist-waehlbar.de\/2017-de\/wp-content\/uploads\/sites\/3\/2017\/09\/11-300x232.jpg\" width=\"250px\" height=\"232\" alt=\"Amanda Glanert\" style=\"display:inline-block\" \/><\/a> <\/p><p>B\u00fcndnis Grundeinkommen (BGE)<\/p>\n<p>Platz 3 der Landesliste Hessen<\/p>\n<p>Pers\u00f6nliches Statement:<\/p>\n<p>Das Bedingungslose Grundeinkommen hat gro\u00dfes emanzipatorisches Potenzial f\u00fcr alle Menschen. Dies meine ich einmal im engeren Sinn, dass das BGE emanzipatorisches Potenzial f\u00fcr Frauen hat und gerade finanzielle Ungleichheiten wie den Gender Pay Gap, unsichere Arbeitsverh\u00e4ltnisse bei z.B. Teilzeitjobs und Altersarmut ausgleichen kann. Und im weiteren Sinne, dass das BGE emanzipatorisch f\u00fcr gleiche Rechte f\u00fcr alle steht und gesellschaftliche Ungleichheiten und Diskriminierung von Einzelpersonen und Minderheiten auffangen kann.<\/p>\n<p>Zudem ist mir wichtig, dass das Bedingungslose Grundeinkommen den Menschen Freiheiten, Chancen, und Rechte zur\u00fcckgeben kann. So kann das BGE den Arbeitszwang aufheben und in ein Recht auf Arbeit umformen. Und am allerwichtigsten: das Bedingungslose Grundeinkommen kann die Existenzangst in ein Recht auf Existenz umwandeln!<\/p>\n<p><a href=\"https:\/\/www.dropbox.com\/s\/di0c3h7gs6ipmtm\/Kandidatenprofil%20Amanda%20Glanert.mov?dl=0\" target=\"_blank\" rel=\"noopener\">Kandidaten-Video<\/a><\/p>\n<p>Zur Person:<\/p>\n<p>Ich bin Studentin an der Goethe-Universit\u00e4t Frankfurt, wohnhaft in Frankfurt und 24 Jahre alt. Politisch engagiere ich mich in der Partei B\u00fcndnis Grundeinkommen und zudem noch als Referentin des autonomen queerfeministischen Schwulenreferats der Goethe-Universtit\u00e4t.<\/p>\n","protected":false},"excerpt":{"rendered":"<p>B\u00fcndnis Grundeinkommen (BGE) Platz 3 der Landesliste Hessen Pers\u00f6nliches Statement: Das Bedingungslose Grundeinkommen hat gro\u00dfes emanzipatorisches Potenzial f\u00fcr alle Menschen. Dies meine ich einmal im engeren Sinn, dass das BGE emanzipatorisches Potenzial f\u00fcr Frauen hat und gerade finanzielle Ungleichheiten wie den Gender Pay Gap, unsichere Arbeitsverh\u00e4ltnisse bei z.B. Teilzeitjobs und Altersarmut ausgleichen kann. Und im &hellip; <\/p>\n<p class=\"link-more\"><a href=\"https:\/\/www.grundeinkommen-ist-waehlbar.de\/2017-de\/laura-amanda-glanert\/\" class=\"more-link\"><span class=\"screen-reader-text\">\u201eLaura Amanda Glanert\u201c <\/span>weiterlesen<\/a><\/p>\n","protected":false},"author":1,"featured_media":0,"comment_status":"closed","ping_status":"closed","sticky":false,"template":"","format":"standard","meta":{"footnotes":""},"categories":[57,18,383,54],"tags":[],"class_list":["post-1037","post","type-post","status-publish","format-standard","hentry","category-buendnis-grundeinkommen","category-hessen","category-listkandidatinnen-hessen","category-listenkandidatin"],"_links":{"self":[{"href":"https:\/\/www.grundeinkommen-ist-waehlbar.de\/2017-de\/wp-json\/wp\/v2\/posts\/1037","targetHints":{"allow":["GET"]}}],"collection":[{"href":"https:\/\/www.grundeinkommen-ist-waehlbar.de\/2017-de\/wp-json\/wp\/v2\/posts"}],"about":[{"href":"https:\/\/www.grundeinkommen-ist-waehlbar.de\/2017-de\/wp-json\/wp\/v2\/types\/post"}],"author":[{"embeddable":true,"href":"https:\/\/www.grundeinkommen-ist-waehlbar.de\/2017-de\/wp-json\/wp\/v2\/users\/1"}],"replies":[{"embeddable":true,"href":"https:\/\/www.grundeinkommen-ist-waehlbar.de\/2017-de\/wp-json\/wp\/v2\/comments?post=1037"}],"version-history":[{"count":7,"href":"https:\/\/www.grundeinkommen-ist-waehlbar.de\/2017-de\/wp-json\/wp\/v2\/posts\/1037\/revisions"}],"predecessor-version":[{"id":1066,"href":"https:\/\/www.grundeinkommen-ist-waehlbar.de\/2017-de\/wp-json\/wp\/v2\/posts\/1037\/revisions\/1066"}],"wp:attachment":[{"href":"https:\/\/www.grundeinkommen-ist-waehlbar.de\/2017-de\/wp-json\/wp\/v2\/media?parent=1037"}],"wp:term":[{"taxonomy":"category","embeddable":true,"href":"https:\/\/www.grundeinkommen-ist-waehlbar.de\/2017-de\/wp-json\/wp\/v2\/categories?post=1037"},{"taxonomy":"post_tag","embeddable":true,"href":"https:\/\/www.grundeinkommen-ist-waehlbar.de\/2017-de\/wp-json\/wp\/v2\/tags?post=1037"}],"curies":[{"name":"wp","href":"https:\/\/api.w.org\/{rel}","templated":true}]}}