{"id":1081,"date":"2017-09-06T22:57:37","date_gmt":"2017-09-06T20:57:37","guid":{"rendered":"https:\/\/www.grundeinkommen-ist-waehlbar.de\/2017-de\/?p=1081"},"modified":"2017-09-07T01:20:25","modified_gmt":"2017-09-06T23:20:25","slug":"david-trunz","status":"publish","type":"post","link":"https:\/\/www.grundeinkommen-ist-waehlbar.de\/2017-de\/david-trunz\/","title":{"rendered":"David Trunz"},"content":{"rendered":"<p>DIE LINKE<\/p>\n<p>Wahlkreis 282: L\u00f6rrach-M\u00fcllheim<\/p>\n<p>Pers\u00f6nliches Statement:<\/p>\n<p>Das BGE ist die ideale M\u00f6glichkeit, arbeitende Menschen aus ihrer Einkommensabh\u00e4ngigkeit zu befreien und mit Besitzenden auf eine Stufe zu stellen, wenn es um Arbeitsvertragsverhandlungen geht. Auch w\u00fcrde es unn\u00f6tige B\u00fcrokratie beseitigen und die Verm\u00f6gensungleichheit durch Umverteilung mitigieren.<\/p>\n<p>Zur Person:<\/p>\n<p>&#8211;<\/p>\n","protected":false},"excerpt":{"rendered":"<p>DIE LINKE Wahlkreis 282: L\u00f6rrach-M\u00fcllheim Pers\u00f6nliches Statement: Das BGE ist die ideale M\u00f6glichkeit, arbeitende Menschen aus ihrer Einkommensabh\u00e4ngigkeit zu befreien und mit Besitzenden auf eine Stufe zu stellen, wenn es um Arbeitsvertragsverhandlungen geht. Auch w\u00fcrde es unn\u00f6tige B\u00fcrokratie beseitigen und die Verm\u00f6gensungleichheit durch Umverteilung mitigieren. Zur Person: &#8211;<\/p>\n","protected":false},"author":1,"featured_media":0,"comment_status":"closed","ping_status":"closed","sticky":false,"template":"","format":"standard","meta":{"footnotes":""},"categories":[22,60,336],"tags":[],"class_list":["post-1081","post","type-post","status-publish","format-standard","hentry","category-baden-wuerttemberg","category-die-linke","category-wahlkreis-282"],"_links":{"self":[{"href":"https:\/\/www.grundeinkommen-ist-waehlbar.de\/2017-de\/wp-json\/wp\/v2\/posts\/1081","targetHints":{"allow":["GET"]}}],"collection":[{"href":"https:\/\/www.grundeinkommen-ist-waehlbar.de\/2017-de\/wp-json\/wp\/v2\/posts"}],"about":[{"href":"https:\/\/www.grundeinkommen-ist-waehlbar.de\/2017-de\/wp-json\/wp\/v2\/types\/post"}],"author":[{"embeddable":true,"href":"https:\/\/www.grundeinkommen-ist-waehlbar.de\/2017-de\/wp-json\/wp\/v2\/users\/1"}],"replies":[{"embeddable":true,"href":"https:\/\/www.grundeinkommen-ist-waehlbar.de\/2017-de\/wp-json\/wp\/v2\/comments?post=1081"}],"version-history":[{"count":4,"href":"https:\/\/www.grundeinkommen-ist-waehlbar.de\/2017-de\/wp-json\/wp\/v2\/posts\/1081\/revisions"}],"predecessor-version":[{"id":1088,"href":"https:\/\/www.grundeinkommen-ist-waehlbar.de\/2017-de\/wp-json\/wp\/v2\/posts\/1081\/revisions\/1088"}],"wp:attachment":[{"href":"https:\/\/www.grundeinkommen-ist-waehlbar.de\/2017-de\/wp-json\/wp\/v2\/media?parent=1081"}],"wp:term":[{"taxonomy":"category","embeddable":true,"href":"https:\/\/www.grundeinkommen-ist-waehlbar.de\/2017-de\/wp-json\/wp\/v2\/categories?post=1081"},{"taxonomy":"post_tag","embeddable":true,"href":"https:\/\/www.grundeinkommen-ist-waehlbar.de\/2017-de\/wp-json\/wp\/v2\/tags?post=1081"}],"curies":[{"name":"wp","href":"https:\/\/api.w.org\/{rel}","templated":true}]}}