{"id":1097,"date":"2017-09-07T09:26:27","date_gmt":"2017-09-07T07:26:27","guid":{"rendered":"https:\/\/www.grundeinkommen-ist-waehlbar.de\/2017-de\/?p=1097"},"modified":"2017-09-18T22:14:33","modified_gmt":"2017-09-18T20:14:33","slug":"dieter-hess","status":"publish","type":"post","link":"https:\/\/www.grundeinkommen-ist-waehlbar.de\/2017-de\/dieter-hess\/","title":{"rendered":"Dieter He\u00df"},"content":{"rendered":"<p>B\u00fcndnis Grundeinkommen (BGE)<\/p>\n<p>Platz 6 der Landesliste Baden-W\u00fcrttemberg<\/p>\n<p>Pers\u00f6nliches Statement:<\/p>\n<p>Das Bedingungslose Grundeinkommen ist ein Menschen- und B\u00fcrgerrecht, das uns den Aufbau einer Initiative f\u00f6rdernden und wirklich demokratischen Gesellschaft erm\u00f6glicht. Das Bedingungslose Grundeinkommen macht eigenst\u00e4ndiges Denken und Handeln in unserer angeblich alternativ-losen Epoche wieder m\u00f6glich. Das Bedingungslose Grundeinkommen ist die nahe liegende, menschlich-nat\u00fcrliche Antwort auf die scheinbar immer komplexer werdende Welt.<br \/>\nLasst uns gemeinsam die unn\u00f6tige Kompliziertheit reduzieren und neue Lebens- und Gestaltungsm\u00f6glichkeiten f\u00fcr uns alle schaffen! Lasst uns gemeinsam f\u00fcr das B\u00fcrgerrecht Bedingungsloses Grundeinkommen aktiv eintreten! Nichts ist st\u00e4rker als eine Idee, deren Zeit gekommen ist (Victor Hugo).<\/p>\n<p>Zur Person:<\/p>\n<p>52 Jahre jung, Wirtschaftswissenschaftler, Unternehmensberater<\/p>\n<p>Website: <a href=\"http:\/\/www.bw.buendnis-grundeinkommen.de\">http:\/\/www.bw.buendnis-grundeinkommen.de<\/a><\/p>","protected":false},"excerpt":{"rendered":"<p>B\u00fcndnis Grundeinkommen (BGE) Platz 6 der Landesliste Baden-W\u00fcrttemberg Pers\u00f6nliches Statement: Das Bedingungslose Grundeinkommen ist ein Menschen- und B\u00fcrgerrecht, das uns den Aufbau einer Initiative f\u00f6rdernden und wirklich demokratischen Gesellschaft erm\u00f6glicht. Das Bedingungslose Grundeinkommen macht eigenst\u00e4ndiges Denken und Handeln in unserer angeblich alternativ-losen Epoche wieder m\u00f6glich. Das Bedingungslose Grundeinkommen ist die nahe liegende, menschlich-nat\u00fcrliche Antwort auf &hellip; <\/p>\n<p class=\"link-more\"><a href=\"https:\/\/www.grundeinkommen-ist-waehlbar.de\/2017-de\/dieter-hess\/\" class=\"more-link\"><span class=\"screen-reader-text\">\u201eDieter He\u00df\u201c <\/span>weiterlesen<\/a><\/p>\n","protected":false},"author":1,"featured_media":0,"comment_status":"closed","ping_status":"closed","sticky":false,"template":"","format":"standard","meta":{"footnotes":""},"categories":[377,22,57,54],"tags":[],"class_list":["post-1097","post","type-post","status-publish","format-standard","hentry","category-listkandidatinnen-baden-wuerttemberg","category-baden-wuerttemberg","category-buendnis-grundeinkommen","category-listenkandidatin"],"_links":{"self":[{"href":"https:\/\/www.grundeinkommen-ist-waehlbar.de\/2017-de\/wp-json\/wp\/v2\/posts\/1097","targetHints":{"allow":["GET"]}}],"collection":[{"href":"https:\/\/www.grundeinkommen-ist-waehlbar.de\/2017-de\/wp-json\/wp\/v2\/posts"}],"about":[{"href":"https:\/\/www.grundeinkommen-ist-waehlbar.de\/2017-de\/wp-json\/wp\/v2\/types\/post"}],"author":[{"embeddable":true,"href":"https:\/\/www.grundeinkommen-ist-waehlbar.de\/2017-de\/wp-json\/wp\/v2\/users\/1"}],"replies":[{"embeddable":true,"href":"https:\/\/www.grundeinkommen-ist-waehlbar.de\/2017-de\/wp-json\/wp\/v2\/comments?post=1097"}],"version-history":[{"count":3,"href":"https:\/\/www.grundeinkommen-ist-waehlbar.de\/2017-de\/wp-json\/wp\/v2\/posts\/1097\/revisions"}],"predecessor-version":[{"id":1100,"href":"https:\/\/www.grundeinkommen-ist-waehlbar.de\/2017-de\/wp-json\/wp\/v2\/posts\/1097\/revisions\/1100"}],"wp:attachment":[{"href":"https:\/\/www.grundeinkommen-ist-waehlbar.de\/2017-de\/wp-json\/wp\/v2\/media?parent=1097"}],"wp:term":[{"taxonomy":"category","embeddable":true,"href":"https:\/\/www.grundeinkommen-ist-waehlbar.de\/2017-de\/wp-json\/wp\/v2\/categories?post=1097"},{"taxonomy":"post_tag","embeddable":true,"href":"https:\/\/www.grundeinkommen-ist-waehlbar.de\/2017-de\/wp-json\/wp\/v2\/tags?post=1097"}],"curies":[{"name":"wp","href":"https:\/\/api.w.org\/{rel}","templated":true}]}}