{"id":1104,"date":"2017-09-07T16:50:12","date_gmt":"2017-09-07T14:50:12","guid":{"rendered":"https:\/\/www.grundeinkommen-ist-waehlbar.de\/2017-de\/?p=1104"},"modified":"2017-09-18T22:29:16","modified_gmt":"2017-09-18T20:29:16","slug":"fritz-stavenhagen","status":"publish","type":"post","link":"https:\/\/www.grundeinkommen-ist-waehlbar.de\/2017-de\/fritz-stavenhagen\/","title":{"rendered":"Fritz Stavenhagen"},"content":{"rendered":"<p>V-Partei\u00b3<\/p>\n<p>Platz 5 der Landesliste Rheinland-Pfalz<\/p>\n<p>Pers\u00f6nliches Statement:<\/p>\n<p>Ich bin seit Jahren Anh\u00e4nger und Bef\u00fcrworter eines BGE. In der Bonner Initiative Grundeinkommen habe ich zwischen 2010 und 2014 aktiv im Vorstand mitgearbeitet. Den Initiativantrag Bedingungsloses Grundeinkommen zum Programm der V-Partei\u00b3 habe ich auf dem Programmparteitag in Weimar im April &#8217;17 selbst eingebracht. Er wurde mit deutlicher Mehrheit unver\u00e4ndert angenommen und ist nun Bestandteil unseres Programms.<\/p>\n<p>Zur Person:<\/p>\n<p>Website: <a href=\"http:\/\/deutschelyrik.de\">http:\/\/deutschelyrik.de<\/a><\/p>","protected":false},"excerpt":{"rendered":"<p>V-Partei\u00b3 Platz 5 der Landesliste Rheinland-Pfalz Pers\u00f6nliches Statement: Ich bin seit Jahren Anh\u00e4nger und Bef\u00fcrworter eines BGE. In der Bonner Initiative Grundeinkommen habe ich zwischen 2010 und 2014 aktiv im Vorstand mitgearbeitet. Den Initiativantrag Bedingungsloses Grundeinkommen zum Programm der V-Partei\u00b3 habe ich auf dem Programmparteitag in Weimar im April &#8217;17 selbst eingebracht. Er wurde mit &hellip; <\/p>\n<p class=\"link-more\"><a href=\"https:\/\/www.grundeinkommen-ist-waehlbar.de\/2017-de\/fritz-stavenhagen\/\" class=\"more-link\"><span class=\"screen-reader-text\">\u201eFritz Stavenhagen\u201c <\/span>weiterlesen<\/a><\/p>\n","protected":false},"author":1,"featured_media":0,"comment_status":"closed","ping_status":"closed","sticky":false,"template":"","format":"standard","meta":{"footnotes":""},"categories":[54,387,20,373],"tags":[],"class_list":["post-1104","post","type-post","status-publish","format-standard","hentry","category-listenkandidatin","category-listkandidatinnen-rheinland-pfalz","category-rheinland-pfalz","category-v-partei3"],"_links":{"self":[{"href":"https:\/\/www.grundeinkommen-ist-waehlbar.de\/2017-de\/wp-json\/wp\/v2\/posts\/1104","targetHints":{"allow":["GET"]}}],"collection":[{"href":"https:\/\/www.grundeinkommen-ist-waehlbar.de\/2017-de\/wp-json\/wp\/v2\/posts"}],"about":[{"href":"https:\/\/www.grundeinkommen-ist-waehlbar.de\/2017-de\/wp-json\/wp\/v2\/types\/post"}],"author":[{"embeddable":true,"href":"https:\/\/www.grundeinkommen-ist-waehlbar.de\/2017-de\/wp-json\/wp\/v2\/users\/1"}],"replies":[{"embeddable":true,"href":"https:\/\/www.grundeinkommen-ist-waehlbar.de\/2017-de\/wp-json\/wp\/v2\/comments?post=1104"}],"version-history":[{"count":3,"href":"https:\/\/www.grundeinkommen-ist-waehlbar.de\/2017-de\/wp-json\/wp\/v2\/posts\/1104\/revisions"}],"predecessor-version":[{"id":1325,"href":"https:\/\/www.grundeinkommen-ist-waehlbar.de\/2017-de\/wp-json\/wp\/v2\/posts\/1104\/revisions\/1325"}],"wp:attachment":[{"href":"https:\/\/www.grundeinkommen-ist-waehlbar.de\/2017-de\/wp-json\/wp\/v2\/media?parent=1104"}],"wp:term":[{"taxonomy":"category","embeddable":true,"href":"https:\/\/www.grundeinkommen-ist-waehlbar.de\/2017-de\/wp-json\/wp\/v2\/categories?post=1104"},{"taxonomy":"post_tag","embeddable":true,"href":"https:\/\/www.grundeinkommen-ist-waehlbar.de\/2017-de\/wp-json\/wp\/v2\/tags?post=1104"}],"curies":[{"name":"wp","href":"https:\/\/api.w.org\/{rel}","templated":true}]}}