{"id":1129,"date":"2017-09-10T12:30:12","date_gmt":"2017-09-10T10:30:12","guid":{"rendered":"https:\/\/www.grundeinkommen-ist-waehlbar.de\/2017-de\/?p=1129"},"modified":"2017-09-18T22:27:42","modified_gmt":"2017-09-18T20:27:42","slug":"michael-binek","status":"publish","type":"post","link":"https:\/\/www.grundeinkommen-ist-waehlbar.de\/2017-de\/michael-binek\/","title":{"rendered":"Michael Binek"},"content":{"rendered":"<p><a href=\"https:\/\/www.grundeinkommen-ist-waehlbar.de\/2017-de\/wp-content\/uploads\/sites\/3\/2017\/09\/20170813_0007-500px-e1505039365155.jpg\"><img decoding=\"async\" src=\"https:\/\/www.grundeinkommen-ist-waehlbar.de\/2017-de\/wp-content\/uploads\/sites\/3\/2017\/09\/20170813_0007-500px-300x199.jpg\" width=\"250px\" height=\"199\" alt=\"20170813_0007-500px\" style=\"display:inline-block\" \/><\/a> <\/p><p>Bedingungsloses Grundeinkommen (BGE)<\/p>\n<p>Platz 9 der Landesliste Th\u00fcringen<\/p>\n<p>Pers\u00f6nliches Statement:<\/p>\n<p>&#8222;mehr Zeit f\u00fcr alles was uns wirklich wichtig ist&#8220;<\/p>\n<p>Zur Person:<\/p>\n<p>Baujahr: 1978<br \/>\nWohnort: 98660 Themar<br \/>\nBeruf: IT-Systemkaufmann<br \/>\nSonstiges: liebender Ehemann, Technikfreak,Tierliebhaber<\/p>\n<p>politische Interessen:<br \/>\nNr. 1 nat\u00fcrlich das bedingungslose Grundeinkommen mit all seinen Facetten und M\u00f6glichkeiten,<br \/>\nNr. 2 erneuerbare Energien und \u00d6kologisches (was ich auch privat verfolge mit Engagment in einer B\u00fcrgerinitiative gegen einen umweltverschmutzenden Landwirtschaftsbetrieb und der Eigenentwicklung vertikaler Windr\u00e4der),<br \/>\nNr. 3 da gerade hier in Themar akut, engagiert gegen Rechtsradikalismus,<br \/>\nNr. 4 absolut gegen Korruption und Lobbyismus<\/p>\n","protected":false},"excerpt":{"rendered":"<p>Bedingungsloses Grundeinkommen (BGE) Platz 9 der Landesliste Th\u00fcringen Pers\u00f6nliches Statement: &#8222;mehr Zeit f\u00fcr alles was uns wirklich wichtig ist&#8220; Zur Person: Baujahr: 1978 Wohnort: 98660 Themar Beruf: IT-Systemkaufmann Sonstiges: liebender Ehemann, Technikfreak,Tierliebhaber politische Interessen: Nr. 1 nat\u00fcrlich das bedingungslose Grundeinkommen mit all seinen Facetten und M\u00f6glichkeiten, Nr. 2 erneuerbare Energien und \u00d6kologisches (was ich auch &hellip; <\/p>\n<p class=\"link-more\"><a href=\"https:\/\/www.grundeinkommen-ist-waehlbar.de\/2017-de\/michael-binek\/\" class=\"more-link\"><span class=\"screen-reader-text\">\u201eMichael Binek\u201c <\/span>weiterlesen<\/a><\/p>\n","protected":false},"author":1,"featured_media":0,"comment_status":"closed","ping_status":"closed","sticky":false,"template":"","format":"standard","meta":{"footnotes":""},"categories":[57,54,360,392],"tags":[],"class_list":["post-1129","post","type-post","status-publish","format-standard","hentry","category-buendnis-grundeinkommen","category-listenkandidatin","category-thueringen","category-listkandidatinnen-thueringen"],"_links":{"self":[{"href":"https:\/\/www.grundeinkommen-ist-waehlbar.de\/2017-de\/wp-json\/wp\/v2\/posts\/1129","targetHints":{"allow":["GET"]}}],"collection":[{"href":"https:\/\/www.grundeinkommen-ist-waehlbar.de\/2017-de\/wp-json\/wp\/v2\/posts"}],"about":[{"href":"https:\/\/www.grundeinkommen-ist-waehlbar.de\/2017-de\/wp-json\/wp\/v2\/types\/post"}],"author":[{"embeddable":true,"href":"https:\/\/www.grundeinkommen-ist-waehlbar.de\/2017-de\/wp-json\/wp\/v2\/users\/1"}],"replies":[{"embeddable":true,"href":"https:\/\/www.grundeinkommen-ist-waehlbar.de\/2017-de\/wp-json\/wp\/v2\/comments?post=1129"}],"version-history":[{"count":3,"href":"https:\/\/www.grundeinkommen-ist-waehlbar.de\/2017-de\/wp-json\/wp\/v2\/posts\/1129\/revisions"}],"predecessor-version":[{"id":1180,"href":"https:\/\/www.grundeinkommen-ist-waehlbar.de\/2017-de\/wp-json\/wp\/v2\/posts\/1129\/revisions\/1180"}],"wp:attachment":[{"href":"https:\/\/www.grundeinkommen-ist-waehlbar.de\/2017-de\/wp-json\/wp\/v2\/media?parent=1129"}],"wp:term":[{"taxonomy":"category","embeddable":true,"href":"https:\/\/www.grundeinkommen-ist-waehlbar.de\/2017-de\/wp-json\/wp\/v2\/categories?post=1129"},{"taxonomy":"post_tag","embeddable":true,"href":"https:\/\/www.grundeinkommen-ist-waehlbar.de\/2017-de\/wp-json\/wp\/v2\/tags?post=1129"}],"curies":[{"name":"wp","href":"https:\/\/api.w.org\/{rel}","templated":true}]}}