{"id":1142,"date":"2017-09-11T16:46:57","date_gmt":"2017-09-11T14:46:57","guid":{"rendered":"https:\/\/www.grundeinkommen-ist-waehlbar.de\/2017-de\/?p=1142"},"modified":"2017-09-18T22:25:16","modified_gmt":"2017-09-18T20:25:16","slug":"corinna-rueffer","status":"publish","type":"post","link":"https:\/\/www.grundeinkommen-ist-waehlbar.de\/2017-de\/corinna-rueffer\/","title":{"rendered":"Corinna R\u00fcffer"},"content":{"rendered":"<p><a href=\"https:\/\/www.grundeinkommen-ist-waehlbar.de\/2017-de\/wp-content\/uploads\/sites\/3\/2017\/09\/Corinna-1-e1505140958358.jpg\"><img decoding=\"async\" src=\"https:\/\/www.grundeinkommen-ist-waehlbar.de\/2017-de\/wp-content\/uploads\/sites\/3\/2017\/09\/Corinna-1-300x300.jpg\" width=\"250px\" height=\"300\" alt=\"Corinna-1\" style=\"display:inline-block\" \/><\/a> <\/p><p>B\u00fcndnis 90\/Die Gr\u00fcnen<\/p>\n<p>Wahlkreis 203: Trier<br \/>\nPlatz 3 der Landesliste Rheinland-Pfalz<\/p>\n<p>Pers\u00f6nliches Statement:<\/p>\n<p>Ich unterst\u00fctze die Idee eines bedingungslosen Grundeinkommens seit Jahren. Bef\u00fcrworterInnen vertrauen darauf, dass Menschen sinnvolle T\u00e4tigkeiten verrichten m\u00f6chten und die Gesellschaft davon profitiert.<\/p>\n<p>Sinnvolles wird schon immer vielfach jenseits der Erwerbsarbeit geleistet. Mit einem bedingungslosen Grundeinkommen w\u00e4re Erwerbsarbeit nicht unbedingt notwendig, um den Unterhalt zu bestreiten. Es w\u00e4re ein Zeichen von gesellschaftlicher Anerkennung f\u00fcr diejenigen, die wenig oder gar nichts verdienen. H\u00e4ufig handelt es sich dabei um Menschen, die Kinder erziehen oder \u00e4ltere oder kranke Menschen pflegen. Obwohl der t\u00e4gliche Einsatz f\u00fcr andere existenziell wichtig f\u00fcr unsere Gesellschaft ist, wird er gegen\u00fcber der Erwerbst\u00e4tigkeit schlechtergestellt. Daneben gibt es nat\u00fcrlich auch Menschen, die keiner Erwerbsarbeit nachkommen k\u00f6nnen. Ein Grundeinkommen w\u00fcrde R\u00e4ume jenseits der Erwerbsarbeit \u00f6ffnen und vielen mehr Teilhabe an der Gesellschaft erm\u00f6glichen.<\/p>\n<p>Auch Berufst\u00e4tige w\u00fcrden von einem Grundeinkommen profitieren. Viele Menschen haben heute das Gef\u00fchl, dass sie immer mehr in immer weniger Zeit schaffen m\u00fcssen, dass der Druck stetig zunimmt und das Gef\u00fchl von Sicherheit verloren geht. Die Angst vor dem sozialen Abstieg in Deutschland ist ein weit verbreitetes Ph\u00e4nomen. ManagerInnen und FacharbeiterInnen sind gleicherma\u00dfen betroffen. Zeit f\u00fcr Mu\u00dfe, Familie oder Ehrenamt wird zunehmend knapp oder steht nicht mehr zur Verf\u00fcgung. Vor diesem Hintergrund kann ein Grundeinkommen die individuelle Wahlfreiheit deutlich erweitern. Es w\u00fcrden Freir\u00e4ume f\u00fcr eine sinnvolle Gestaltung des Lebens- und Arbeitsumfeldes entstehen. Wer unzufrieden ist, w\u00fcrde an Freiheit gewinnen, den Beruf zu wechseln. Arbeitslose w\u00fcrden davor gesch\u00fctzt, jeden Job annehmen zu m\u00fcssen.<\/p>\n<p>Zur Person:<\/p>\n<p>behindertenpolitische Sprecherin und Obfrau im Petitionsausschuss der Gr\u00fcnen Fraktion im Bundestag<\/p>\n<p>Website: <a href=\"http:\/\/www.corinna-rueffer.de\">http:\/\/www.corinna-rueffer.de<\/a><\/p>","protected":false},"excerpt":{"rendered":"<p>B\u00fcndnis 90\/Die Gr\u00fcnen Wahlkreis 203: Trier Platz 3 der Landesliste Rheinland-Pfalz Pers\u00f6nliches Statement: Ich unterst\u00fctze die Idee eines bedingungslosen Grundeinkommens seit Jahren. Bef\u00fcrworterInnen vertrauen darauf, dass Menschen sinnvolle T\u00e4tigkeiten verrichten m\u00f6chten und die Gesellschaft davon profitiert. Sinnvolles wird schon immer vielfach jenseits der Erwerbsarbeit geleistet. Mit einem bedingungslosen Grundeinkommen w\u00e4re Erwerbsarbeit nicht unbedingt notwendig, um &hellip; <\/p>\n<p class=\"link-more\"><a href=\"https:\/\/www.grundeinkommen-ist-waehlbar.de\/2017-de\/corinna-rueffer\/\" class=\"more-link\"><span class=\"screen-reader-text\">\u201eCorinna R\u00fcffer\u201c <\/span>weiterlesen<\/a><\/p>\n","protected":false},"author":1,"featured_media":0,"comment_status":"closed","ping_status":"closed","sticky":false,"template":"","format":"standard","meta":{"footnotes":""},"categories":[56,54,387,20,257],"tags":[],"class_list":["post-1142","post","type-post","status-publish","format-standard","hentry","category-buendnis-90-die-gruenen","category-listenkandidatin","category-listkandidatinnen-rheinland-pfalz","category-rheinland-pfalz","category-wahlkreis-203"],"_links":{"self":[{"href":"https:\/\/www.grundeinkommen-ist-waehlbar.de\/2017-de\/wp-json\/wp\/v2\/posts\/1142","targetHints":{"allow":["GET"]}}],"collection":[{"href":"https:\/\/www.grundeinkommen-ist-waehlbar.de\/2017-de\/wp-json\/wp\/v2\/posts"}],"about":[{"href":"https:\/\/www.grundeinkommen-ist-waehlbar.de\/2017-de\/wp-json\/wp\/v2\/types\/post"}],"author":[{"embeddable":true,"href":"https:\/\/www.grundeinkommen-ist-waehlbar.de\/2017-de\/wp-json\/wp\/v2\/users\/1"}],"replies":[{"embeddable":true,"href":"https:\/\/www.grundeinkommen-ist-waehlbar.de\/2017-de\/wp-json\/wp\/v2\/comments?post=1142"}],"version-history":[{"count":5,"href":"https:\/\/www.grundeinkommen-ist-waehlbar.de\/2017-de\/wp-json\/wp\/v2\/posts\/1142\/revisions"}],"predecessor-version":[{"id":1168,"href":"https:\/\/www.grundeinkommen-ist-waehlbar.de\/2017-de\/wp-json\/wp\/v2\/posts\/1142\/revisions\/1168"}],"wp:attachment":[{"href":"https:\/\/www.grundeinkommen-ist-waehlbar.de\/2017-de\/wp-json\/wp\/v2\/media?parent=1142"}],"wp:term":[{"taxonomy":"category","embeddable":true,"href":"https:\/\/www.grundeinkommen-ist-waehlbar.de\/2017-de\/wp-json\/wp\/v2\/categories?post=1142"},{"taxonomy":"post_tag","embeddable":true,"href":"https:\/\/www.grundeinkommen-ist-waehlbar.de\/2017-de\/wp-json\/wp\/v2\/tags?post=1142"}],"curies":[{"name":"wp","href":"https:\/\/api.w.org\/{rel}","templated":true}]}}