{"id":1193,"date":"2017-09-11T21:24:10","date_gmt":"2017-09-11T19:24:10","guid":{"rendered":"https:\/\/www.grundeinkommen-ist-waehlbar.de\/2017-de\/?p=1193"},"modified":"2017-09-11T21:29:43","modified_gmt":"2017-09-11T19:29:43","slug":"dana-rotter","status":"publish","type":"post","link":"https:\/\/www.grundeinkommen-ist-waehlbar.de\/2017-de\/dana-rotter\/","title":{"rendered":"Dana Rotter"},"content":{"rendered":"<p><a href=\"https:\/\/www.grundeinkommen-ist-waehlbar.de\/2017-de\/wp-content\/uploads\/sites\/3\/2017\/09\/Dana-Rotter_Pressefoto-Kopie.jpg\"><img decoding=\"async\" src=\"https:\/\/www.grundeinkommen-ist-waehlbar.de\/2017-de\/wp-content\/uploads\/sites\/3\/2017\/09\/Dana-Rotter_Pressefoto-Kopie-271x300.jpg\" width=\"250px\" height=\"300\" alt=\"Dana Rotter_Pressefoto - Kopie\" style=\"display:inline-block\" \/><\/a> <\/p><p>Piratenpartei<\/p>\n<p>Wahlkreis 053: G\u00f6ttingen<\/p>\n<p>Pers\u00f6nliches Statement:<\/p>\n<p>Jeder Mensch hat das Recht auf ein Leben in W\u00fcrde und ohne Existenzangst.<\/p>\n<p>Im Zuge der zunehmenden Altersarmut und den Wegfall von Arbeitspl\u00e4tzen durch die Digitalisierung ist es unumg\u00e4nglich das Bedingungslose Grundeinkommen einzuf\u00fchren (zu Beginn in einer Testphase). Nur so k\u00f6nnen die Menschen sich frei entfalten, ihren Neigungen\/Talenten nachgehen und sich verwirklichen.<\/p>\n<p>Zur Person:<\/p>\n<p>Seit Februar 2016 bin ich Mitglied der Piratenpartei und in der G\u00f6ttinger Kommunalpolitik aktiv. Nicht mal ein Jahr sp\u00e4ter, im November 2016, wurde ich Mitglied des Rates der Stadt G\u00f6ttingen. Ehrenamtlich engagiere ich mich in der G\u00f6ttinger Kulturszene und organisiere Konzerte f\u00fcr Nachwuchsmusiker.<\/p>\n<p>Website: <a href=\"http:\/\/www.piratenpartei-goettingen.de\">http:\/\/www.piratenpartei-goettingen.de<\/a><\/p>","protected":false},"excerpt":{"rendered":"<p>Piratenpartei Wahlkreis 053: G\u00f6ttingen Pers\u00f6nliches Statement: Jeder Mensch hat das Recht auf ein Leben in W\u00fcrde und ohne Existenzangst. Im Zuge der zunehmenden Altersarmut und den Wegfall von Arbeitspl\u00e4tzen durch die Digitalisierung ist es unumg\u00e4nglich das Bedingungslose Grundeinkommen einzuf\u00fchren (zu Beginn in einer Testphase). Nur so k\u00f6nnen die Menschen sich frei entfalten, ihren Neigungen\/Talenten nachgehen &hellip; <\/p>\n<p class=\"link-more\"><a href=\"https:\/\/www.grundeinkommen-ist-waehlbar.de\/2017-de\/dana-rotter\/\" class=\"more-link\"><span class=\"screen-reader-text\">\u201eDana Rotter\u201c <\/span>weiterlesen<\/a><\/p>\n","protected":false},"author":1,"featured_media":0,"comment_status":"closed","ping_status":"closed","sticky":false,"template":"","format":"standard","meta":{"footnotes":""},"categories":[11,64,107],"tags":[],"class_list":["post-1193","post","type-post","status-publish","format-standard","hentry","category-niedersachsen","category-piratenpartei","category-wahlkreis-053"],"_links":{"self":[{"href":"https:\/\/www.grundeinkommen-ist-waehlbar.de\/2017-de\/wp-json\/wp\/v2\/posts\/1193","targetHints":{"allow":["GET"]}}],"collection":[{"href":"https:\/\/www.grundeinkommen-ist-waehlbar.de\/2017-de\/wp-json\/wp\/v2\/posts"}],"about":[{"href":"https:\/\/www.grundeinkommen-ist-waehlbar.de\/2017-de\/wp-json\/wp\/v2\/types\/post"}],"author":[{"embeddable":true,"href":"https:\/\/www.grundeinkommen-ist-waehlbar.de\/2017-de\/wp-json\/wp\/v2\/users\/1"}],"replies":[{"embeddable":true,"href":"https:\/\/www.grundeinkommen-ist-waehlbar.de\/2017-de\/wp-json\/wp\/v2\/comments?post=1193"}],"version-history":[{"count":3,"href":"https:\/\/www.grundeinkommen-ist-waehlbar.de\/2017-de\/wp-json\/wp\/v2\/posts\/1193\/revisions"}],"predecessor-version":[{"id":1198,"href":"https:\/\/www.grundeinkommen-ist-waehlbar.de\/2017-de\/wp-json\/wp\/v2\/posts\/1193\/revisions\/1198"}],"wp:attachment":[{"href":"https:\/\/www.grundeinkommen-ist-waehlbar.de\/2017-de\/wp-json\/wp\/v2\/media?parent=1193"}],"wp:term":[{"taxonomy":"category","embeddable":true,"href":"https:\/\/www.grundeinkommen-ist-waehlbar.de\/2017-de\/wp-json\/wp\/v2\/categories?post=1193"},{"taxonomy":"post_tag","embeddable":true,"href":"https:\/\/www.grundeinkommen-ist-waehlbar.de\/2017-de\/wp-json\/wp\/v2\/tags?post=1193"}],"curies":[{"name":"wp","href":"https:\/\/api.w.org\/{rel}","templated":true}]}}