{"id":1222,"date":"2017-09-12T22:43:59","date_gmt":"2017-09-12T20:43:59","guid":{"rendered":"https:\/\/www.grundeinkommen-ist-waehlbar.de\/2017-de\/?p=1222"},"modified":"2017-09-18T22:45:22","modified_gmt":"2017-09-18T20:45:22","slug":"anja-hirschel","status":"publish","type":"post","link":"https:\/\/www.grundeinkommen-ist-waehlbar.de\/2017-de\/anja-hirschel\/","title":{"rendered":"Anja Hirschel"},"content":{"rendered":"<p>Piratenpartei<\/p>\n<p>Wahlkreis 291: Ulm<br \/>\nPlatz 1 der Landesliste Baden-W\u00fcrttemberg<br \/>\nBundesweite Spitzenkandidatin<\/p>\n<p>Pers\u00f6nliches Statement:<\/p>\n<p>BGE schafft Menschenw\u00fcrde, beendet die sozialen Spannungen und geh\u00f6rt l\u00e4ngst in eine breite \u00f6ffentliche Debatte.<\/p>\n<p>Zur Person:<\/p>\n<p>&nbsp;<\/p>\n<p>Website: <a href=\"http:\/\/anja.hirschel.info\">http:\/\/anja.hirschel.info<\/a><\/p>","protected":false},"excerpt":{"rendered":"<p>Piratenpartei Wahlkreis 291: Ulm Platz 1 der Landesliste Baden-W\u00fcrttemberg Bundesweite Spitzenkandidatin Pers\u00f6nliches Statement: BGE schafft Menschenw\u00fcrde, beendet die sozialen Spannungen und geh\u00f6rt l\u00e4ngst in eine breite \u00f6ffentliche Debatte. Zur Person: &nbsp; Website: http:\/\/anja.hirschel.info<\/p>\n","protected":false},"author":1,"featured_media":0,"comment_status":"closed","ping_status":"closed","sticky":false,"template":"","format":"standard","meta":{"footnotes":""},"categories":[377,22,54,64,345],"tags":[],"class_list":["post-1222","post","type-post","status-publish","format-standard","hentry","category-listkandidatinnen-baden-wuerttemberg","category-baden-wuerttemberg","category-listenkandidatin","category-piratenpartei","category-wahlkreis-291"],"_links":{"self":[{"href":"https:\/\/www.grundeinkommen-ist-waehlbar.de\/2017-de\/wp-json\/wp\/v2\/posts\/1222","targetHints":{"allow":["GET"]}}],"collection":[{"href":"https:\/\/www.grundeinkommen-ist-waehlbar.de\/2017-de\/wp-json\/wp\/v2\/posts"}],"about":[{"href":"https:\/\/www.grundeinkommen-ist-waehlbar.de\/2017-de\/wp-json\/wp\/v2\/types\/post"}],"author":[{"embeddable":true,"href":"https:\/\/www.grundeinkommen-ist-waehlbar.de\/2017-de\/wp-json\/wp\/v2\/users\/1"}],"replies":[{"embeddable":true,"href":"https:\/\/www.grundeinkommen-ist-waehlbar.de\/2017-de\/wp-json\/wp\/v2\/comments?post=1222"}],"version-history":[{"count":3,"href":"https:\/\/www.grundeinkommen-ist-waehlbar.de\/2017-de\/wp-json\/wp\/v2\/posts\/1222\/revisions"}],"predecessor-version":[{"id":1227,"href":"https:\/\/www.grundeinkommen-ist-waehlbar.de\/2017-de\/wp-json\/wp\/v2\/posts\/1222\/revisions\/1227"}],"wp:attachment":[{"href":"https:\/\/www.grundeinkommen-ist-waehlbar.de\/2017-de\/wp-json\/wp\/v2\/media?parent=1222"}],"wp:term":[{"taxonomy":"category","embeddable":true,"href":"https:\/\/www.grundeinkommen-ist-waehlbar.de\/2017-de\/wp-json\/wp\/v2\/categories?post=1222"},{"taxonomy":"post_tag","embeddable":true,"href":"https:\/\/www.grundeinkommen-ist-waehlbar.de\/2017-de\/wp-json\/wp\/v2\/tags?post=1222"}],"curies":[{"name":"wp","href":"https:\/\/api.w.org\/{rel}","templated":true}]}}