{"id":1228,"date":"2017-09-13T07:03:10","date_gmt":"2017-09-13T05:03:10","guid":{"rendered":"https:\/\/www.grundeinkommen-ist-waehlbar.de\/2017-de\/?p=1228"},"modified":"2017-09-18T22:44:36","modified_gmt":"2017-09-18T20:44:36","slug":"dr-martin-schulte-wissermann","status":"publish","type":"post","link":"https:\/\/www.grundeinkommen-ist-waehlbar.de\/2017-de\/dr-martin-schulte-wissermann\/","title":{"rendered":"Dr. Martin Schulte-Wissermann"},"content":{"rendered":"<p><a href=\"https:\/\/www.grundeinkommen-ist-waehlbar.de\/2017-de\/wp-content\/uploads\/sites\/3\/2017\/09\/grundeinkommenistwaehlbar.jpg\"><img decoding=\"async\" src=\"https:\/\/www.grundeinkommen-ist-waehlbar.de\/2017-de\/wp-content\/uploads\/sites\/3\/2017\/09\/grundeinkommenistwaehlbar-201x300.jpg\" width=\"250px\" height=\"300\" alt=\"grundeinkommenistwaehlbar\" style=\"display:inline-block\" \/><\/a> <\/p><p>Piratenpartei<\/p>\n<p>Wahlkreis 160: Dresden II &#8211; Bautzen II<br \/>\nPlatz 4 der Landesliste Sachsen<\/p>\n<p>Pers\u00f6nliches Statement:<\/p>\n<p>Das Grundeinkommen wird kommen in unserer sich immer weiter technisierenden Gesellschaft. Die Frage wird sein, ob es \u201ebedingungslos\u201c ist und ob es von neoliberalen oder sozial-progressiven Kr\u00e4ften eingef\u00fchrt wird. Ich setze mich f\u00fcr ein bedingungsloses Grundeinkommen ein, welches eine menschliche Teilhabe f\u00fcr jeden sichert und keine neoliberalen Elemente enth\u00e4lt.<\/p>\n<p>Ein bedingungsloses Grundeinkommen w\u00fcrde endlich die in Teilen menschenunw\u00fcrdigen Bedingungen von Harz-IV beenden. Insbesondere w\u00fcrde es Millionen Menschen \u00fcberhaupt einen Anlass geben, sich zus\u00e4tzlich zu engagieren oder arbeiten zu gehen. Durch die heutige \u201eAnrechnungs- und Aufstocker-Praxis\u201c haben viele Menschen weder die Zeit noch die Motivation etwas zus\u00e4tzlich zu machen. Das Amt nimmt es ihnen ja doch wieder weg. Harz-IV baut eine riesige H\u00fcrde auf, \u00fcber die man nur sehr schwer oder gar nicht kommen kann.<\/p>\n<p>Daher brauchen wir ein bedingungsloses Grundeinkommen, und jeden Cent, den man dazuverdient, kann man erstmal behalten \u2013 ohne Fragen, ohne Sanktionen, ohne Antr\u00e4ge, ohne Angst.<\/p>\n<p>Zur Person:<\/p>\n<p>Ich bin Stadtrat in Dresden und aktiv ein mehreren B\u00fcrgerinitiativen<\/p>\n<p>Website: <a href=\"http:\/\/www.neustadtpiraten.de\/msw\">http:\/\/www.neustadtpiraten.de\/msw<\/a><\/p>","protected":false},"excerpt":{"rendered":"<p>Piratenpartei Wahlkreis 160: Dresden II &#8211; Bautzen II Platz 4 der Landesliste Sachsen Pers\u00f6nliches Statement: Das Grundeinkommen wird kommen in unserer sich immer weiter technisierenden Gesellschaft. Die Frage wird sein, ob es \u201ebedingungslos\u201c ist und ob es von neoliberalen oder sozial-progressiven Kr\u00e4ften eingef\u00fchrt wird. Ich setze mich f\u00fcr ein bedingungsloses Grundeinkommen ein, welches eine menschliche &hellip; <\/p>\n<p class=\"link-more\"><a href=\"https:\/\/www.grundeinkommen-ist-waehlbar.de\/2017-de\/dr-martin-schulte-wissermann\/\" class=\"more-link\"><span class=\"screen-reader-text\">\u201eDr. Martin Schulte-Wissermann\u201c <\/span>weiterlesen<\/a><\/p>\n","protected":false},"author":1,"featured_media":0,"comment_status":"closed","ping_status":"closed","sticky":false,"template":"","format":"standard","meta":{"footnotes":""},"categories":[54,64,389,17,214],"tags":[],"class_list":["post-1228","post","type-post","status-publish","format-standard","hentry","category-listenkandidatin","category-piratenpartei","category-listkandidatinnen-sachsen","category-sachsen","category-wahlkreis-160"],"_links":{"self":[{"href":"https:\/\/www.grundeinkommen-ist-waehlbar.de\/2017-de\/wp-json\/wp\/v2\/posts\/1228","targetHints":{"allow":["GET"]}}],"collection":[{"href":"https:\/\/www.grundeinkommen-ist-waehlbar.de\/2017-de\/wp-json\/wp\/v2\/posts"}],"about":[{"href":"https:\/\/www.grundeinkommen-ist-waehlbar.de\/2017-de\/wp-json\/wp\/v2\/types\/post"}],"author":[{"embeddable":true,"href":"https:\/\/www.grundeinkommen-ist-waehlbar.de\/2017-de\/wp-json\/wp\/v2\/users\/1"}],"replies":[{"embeddable":true,"href":"https:\/\/www.grundeinkommen-ist-waehlbar.de\/2017-de\/wp-json\/wp\/v2\/comments?post=1228"}],"version-history":[{"count":3,"href":"https:\/\/www.grundeinkommen-ist-waehlbar.de\/2017-de\/wp-json\/wp\/v2\/posts\/1228\/revisions"}],"predecessor-version":[{"id":1232,"href":"https:\/\/www.grundeinkommen-ist-waehlbar.de\/2017-de\/wp-json\/wp\/v2\/posts\/1228\/revisions\/1232"}],"wp:attachment":[{"href":"https:\/\/www.grundeinkommen-ist-waehlbar.de\/2017-de\/wp-json\/wp\/v2\/media?parent=1228"}],"wp:term":[{"taxonomy":"category","embeddable":true,"href":"https:\/\/www.grundeinkommen-ist-waehlbar.de\/2017-de\/wp-json\/wp\/v2\/categories?post=1228"},{"taxonomy":"post_tag","embeddable":true,"href":"https:\/\/www.grundeinkommen-ist-waehlbar.de\/2017-de\/wp-json\/wp\/v2\/tags?post=1228"}],"curies":[{"name":"wp","href":"https:\/\/api.w.org\/{rel}","templated":true}]}}