{"id":1239,"date":"2017-09-13T20:27:38","date_gmt":"2017-09-13T18:27:38","guid":{"rendered":"https:\/\/www.grundeinkommen-ist-waehlbar.de\/2017-de\/?p=1239"},"modified":"2017-09-18T22:19:50","modified_gmt":"2017-09-18T20:19:50","slug":"klaus-schummer","status":"publish","type":"post","link":"https:\/\/www.grundeinkommen-ist-waehlbar.de\/2017-de\/klaus-schummer\/","title":{"rendered":"Klaus Schummer"},"content":{"rendered":"<p>Piratenpartei<\/p>\n<p>Wahlkreis 296: Saarbr\u00fccken<br \/>\nPlatz 2 der Landesliste Saarland<\/p>\n<p>Pers\u00f6nliches Statement:<\/p>\n<p>Es ist an der Zeit, dass wir soziale Gerechtigkeit bekommen, das hei\u00dft f\u00fcr mich Einf\u00fchrung des BGE.<\/p>\n<p>Zur Person:<\/p>\n<p>Website: <a href=\"http:\/\/piratenpartei.saarland\">http:\/\/piratenpartei.saarland<\/a><\/p>","protected":false},"excerpt":{"rendered":"<p>Piratenpartei Wahlkreis 296: Saarbr\u00fccken Platz 2 der Landesliste Saarland Pers\u00f6nliches Statement: Es ist an der Zeit, dass wir soziale Gerechtigkeit bekommen, das hei\u00dft f\u00fcr mich Einf\u00fchrung des BGE. Zur Person: Website: http:\/\/piratenpartei.saarland<\/p>\n","protected":false},"author":1,"featured_media":0,"comment_status":"closed","ping_status":"closed","sticky":false,"template":"","format":"standard","meta":{"footnotes":""},"categories":[54,64,388,23,351],"tags":[],"class_list":["post-1239","post","type-post","status-publish","format-standard","hentry","category-listenkandidatin","category-piratenpartei","category-listkandidatinnen-saarland","category-saarland","category-wahlkreis-296"],"_links":{"self":[{"href":"https:\/\/www.grundeinkommen-ist-waehlbar.de\/2017-de\/wp-json\/wp\/v2\/posts\/1239","targetHints":{"allow":["GET"]}}],"collection":[{"href":"https:\/\/www.grundeinkommen-ist-waehlbar.de\/2017-de\/wp-json\/wp\/v2\/posts"}],"about":[{"href":"https:\/\/www.grundeinkommen-ist-waehlbar.de\/2017-de\/wp-json\/wp\/v2\/types\/post"}],"author":[{"embeddable":true,"href":"https:\/\/www.grundeinkommen-ist-waehlbar.de\/2017-de\/wp-json\/wp\/v2\/users\/1"}],"replies":[{"embeddable":true,"href":"https:\/\/www.grundeinkommen-ist-waehlbar.de\/2017-de\/wp-json\/wp\/v2\/comments?post=1239"}],"version-history":[{"count":2,"href":"https:\/\/www.grundeinkommen-ist-waehlbar.de\/2017-de\/wp-json\/wp\/v2\/posts\/1239\/revisions"}],"predecessor-version":[{"id":1252,"href":"https:\/\/www.grundeinkommen-ist-waehlbar.de\/2017-de\/wp-json\/wp\/v2\/posts\/1239\/revisions\/1252"}],"wp:attachment":[{"href":"https:\/\/www.grundeinkommen-ist-waehlbar.de\/2017-de\/wp-json\/wp\/v2\/media?parent=1239"}],"wp:term":[{"taxonomy":"category","embeddable":true,"href":"https:\/\/www.grundeinkommen-ist-waehlbar.de\/2017-de\/wp-json\/wp\/v2\/categories?post=1239"},{"taxonomy":"post_tag","embeddable":true,"href":"https:\/\/www.grundeinkommen-ist-waehlbar.de\/2017-de\/wp-json\/wp\/v2\/tags?post=1239"}],"curies":[{"name":"wp","href":"https:\/\/api.w.org\/{rel}","templated":true}]}}