{"id":1257,"date":"2017-09-14T15:26:23","date_gmt":"2017-09-14T13:26:23","guid":{"rendered":"https:\/\/www.grundeinkommen-ist-waehlbar.de\/2017-de\/?p=1257"},"modified":"2017-09-14T15:26:23","modified_gmt":"2017-09-14T13:26:23","slug":"bernhard-heck","status":"publish","type":"post","link":"https:\/\/www.grundeinkommen-ist-waehlbar.de\/2017-de\/bernhard-heck\/","title":{"rendered":"Bernhard Heck"},"content":{"rendered":"<p><a href=\"https:\/\/www.grundeinkommen-ist-waehlbar.de\/2017-de\/wp-content\/uploads\/sites\/3\/2017\/09\/B\u00fcrgerkandidat-Bernhard-Heck-500px.jpg\"><img decoding=\"async\" src=\"https:\/\/www.grundeinkommen-ist-waehlbar.de\/2017-de\/wp-content\/uploads\/sites\/3\/2017\/09\/B\u00fcrgerkandidat-Bernhard-Heck-500px-300x281.jpg\" width=\"250px\" height=\"281\" alt=\"B\u00fcrgerkandidat Bernhard Heck-500px\" style=\"display:inline-block\" \/><\/a> <\/p><p>Parteiloser Einzelbewerber f\u00fcr die Initiative &#8222;B\u00fcrgerkandidaten&#8220;<\/p>\n<p>Wahlkreis 205: Mainz<\/p>\n<p>Pers\u00f6nliches Statement:<\/p>\n<p>Ich bin f\u00fcr die Einf\u00fchrung des bedingungslosen Grundeinkommens. Dies w\u00fcrde nicht nur die Wahrung der W\u00fcrde aller Menschen und die Beseitigung von Stigmatisierungen vor allem bei den gegenw\u00e4rtig Erwerbslosen und Hartz IV Beziehern bewirken. Sondern es w\u00fcrde einen kreativen Schub in unsere Gesellschaft bringen, da Existenz\u00e4ngste wegfallen. Selbstverst\u00e4ndlich muss man das bedingungslose Grundeinkommen mit anderen Ma\u00dfnahmen flankieren, damit es nicht von Neoliberalen Unternehmern und Gro\u00dfkonzernen umfunktioniert wird.<br \/>\nDas BGE w\u00fcrde die Position von Arbeitnehmern und Angestellten st\u00e4rken. Und automatisch w\u00e4re damit auch die Frage einer angemessenen Rente im Alter gel\u00f6st.<\/p>\n<p>Zur Person:<\/p>\n<p>Ich bin 55 Jahre alt, lebe in Nierstein und arbeite als Mediator (Vermittler in einem Kommunikationsprozess \/ Konfliktl\u00f6sung), Musiker und K\u00fcnstleragent. Politisch bin ich seit meiner Jugend (Friedensbewegung, Anti-Atomkraftbewegung).<\/p>\n<p>Ohne ethische Grunds\u00e4tze wird Politik zum Spielball eigenn\u00fctziger Interessen. Ich m\u00f6chte als Ma\u00dfstab meines politischen Handelns von ethischen Grunds\u00e4tzen ausgehen. Diesen ordne ich das &#8222;Diktat der Wirtschaft&#8220; unter.<\/p>\n<p>Website: <a href=\"http:\/\/www.buergerkomitee-mainz.de\">http:\/\/www.buergerkomitee-mainz.de<\/a><\/p>","protected":false},"excerpt":{"rendered":"<p>Parteiloser Einzelbewerber f\u00fcr die Initiative &#8222;B\u00fcrgerkandidaten&#8220; Wahlkreis 205: Mainz Pers\u00f6nliches Statement: Ich bin f\u00fcr die Einf\u00fchrung des bedingungslosen Grundeinkommens. Dies w\u00fcrde nicht nur die Wahrung der W\u00fcrde aller Menschen und die Beseitigung von Stigmatisierungen vor allem bei den gegenw\u00e4rtig Erwerbslosen und Hartz IV Beziehern bewirken. Sondern es w\u00fcrde einen kreativen Schub in unsere Gesellschaft bringen, &hellip; <\/p>\n<p class=\"link-more\"><a href=\"https:\/\/www.grundeinkommen-ist-waehlbar.de\/2017-de\/bernhard-heck\/\" class=\"more-link\"><span class=\"screen-reader-text\">\u201eBernhard Heck\u201c <\/span>weiterlesen<\/a><\/p>\n","protected":false},"author":1,"featured_media":0,"comment_status":"closed","ping_status":"closed","sticky":false,"template":"","format":"standard","meta":{"footnotes":""},"categories":[63,20,259],"tags":[],"class_list":["post-1257","post","type-post","status-publish","format-standard","hentry","category-parteilos","category-rheinland-pfalz","category-wahlkreis-205"],"_links":{"self":[{"href":"https:\/\/www.grundeinkommen-ist-waehlbar.de\/2017-de\/wp-json\/wp\/v2\/posts\/1257","targetHints":{"allow":["GET"]}}],"collection":[{"href":"https:\/\/www.grundeinkommen-ist-waehlbar.de\/2017-de\/wp-json\/wp\/v2\/posts"}],"about":[{"href":"https:\/\/www.grundeinkommen-ist-waehlbar.de\/2017-de\/wp-json\/wp\/v2\/types\/post"}],"author":[{"embeddable":true,"href":"https:\/\/www.grundeinkommen-ist-waehlbar.de\/2017-de\/wp-json\/wp\/v2\/users\/1"}],"replies":[{"embeddable":true,"href":"https:\/\/www.grundeinkommen-ist-waehlbar.de\/2017-de\/wp-json\/wp\/v2\/comments?post=1257"}],"version-history":[{"count":2,"href":"https:\/\/www.grundeinkommen-ist-waehlbar.de\/2017-de\/wp-json\/wp\/v2\/posts\/1257\/revisions"}],"predecessor-version":[{"id":1260,"href":"https:\/\/www.grundeinkommen-ist-waehlbar.de\/2017-de\/wp-json\/wp\/v2\/posts\/1257\/revisions\/1260"}],"wp:attachment":[{"href":"https:\/\/www.grundeinkommen-ist-waehlbar.de\/2017-de\/wp-json\/wp\/v2\/media?parent=1257"}],"wp:term":[{"taxonomy":"category","embeddable":true,"href":"https:\/\/www.grundeinkommen-ist-waehlbar.de\/2017-de\/wp-json\/wp\/v2\/categories?post=1257"},{"taxonomy":"post_tag","embeddable":true,"href":"https:\/\/www.grundeinkommen-ist-waehlbar.de\/2017-de\/wp-json\/wp\/v2\/tags?post=1257"}],"curies":[{"name":"wp","href":"https:\/\/api.w.org\/{rel}","templated":true}]}}