{"id":1261,"date":"2017-09-21T22:26:18","date_gmt":"2017-09-21T20:26:18","guid":{"rendered":"https:\/\/www.grundeinkommen-ist-waehlbar.de\/2017-de\/?p=1261"},"modified":"2017-09-21T22:26:18","modified_gmt":"2017-09-21T20:26:18","slug":"bruno-mayer","status":"publish","type":"post","link":"https:\/\/www.grundeinkommen-ist-waehlbar.de\/2017-de\/bruno-mayer\/","title":{"rendered":"Bruno Mayer"},"content":{"rendered":"<p><a href=\"https:\/\/www.grundeinkommen-ist-waehlbar.de\/2017-de\/wp-content\/uploads\/sites\/3\/2017\/09\/BrunoMayerWK271_500x500.jpg\"><img decoding=\"async\" src=\"https:\/\/www.grundeinkommen-ist-waehlbar.de\/2017-de\/wp-content\/uploads\/sites\/3\/2017\/09\/BrunoMayerWK271_500x500-300x300.jpg\" width=\"250px\" height=\"300\" alt=\"BrunoMayerWK271_500x500\" style=\"display:inline-block\" \/><\/a> <\/p><p>parteiunabh\u00e4ngiger Einzelbewerber<\/p>\n<p>Wahlkreis 271: Karlsruhe-Stadt<\/p>\n<p>Pers\u00f6nliches Statement:<\/p>\n<p>Echte Demokratie<\/p>\n<p>Zur Person:<\/p>\n<p>Parteiunabh\u00e4ngiger B\u00fcrgerkandidat. N\u00e4heres siehe Blog https:\/\/buergerkandidatbrunomayer.wordpress.com mit weiteren Verweisen&#8230;<\/p>\n<p>Website: <a href=\"https:\/\/buergerkandidatbrunomayer.wordpress.com\">https:\/\/buergerkandidatbrunomayer.wordpress.com<\/a><\/p>","protected":false},"excerpt":{"rendered":"<p>parteiunabh\u00e4ngiger Einzelbewerber Wahlkreis 271: Karlsruhe-Stadt Pers\u00f6nliches Statement: Echte Demokratie Zur Person: Parteiunabh\u00e4ngiger B\u00fcrgerkandidat. N\u00e4heres siehe Blog https:\/\/buergerkandidatbrunomayer.wordpress.com mit weiteren Verweisen&#8230; Website: https:\/\/buergerkandidatbrunomayer.wordpress.com<\/p>\n","protected":false},"author":1,"featured_media":0,"comment_status":"closed","ping_status":"closed","sticky":false,"template":"","format":"standard","meta":{"footnotes":""},"categories":[22,63,325],"tags":[],"class_list":["post-1261","post","type-post","status-publish","format-standard","hentry","category-baden-wuerttemberg","category-parteilos","category-wahlkreis-271"],"_links":{"self":[{"href":"https:\/\/www.grundeinkommen-ist-waehlbar.de\/2017-de\/wp-json\/wp\/v2\/posts\/1261","targetHints":{"allow":["GET"]}}],"collection":[{"href":"https:\/\/www.grundeinkommen-ist-waehlbar.de\/2017-de\/wp-json\/wp\/v2\/posts"}],"about":[{"href":"https:\/\/www.grundeinkommen-ist-waehlbar.de\/2017-de\/wp-json\/wp\/v2\/types\/post"}],"author":[{"embeddable":true,"href":"https:\/\/www.grundeinkommen-ist-waehlbar.de\/2017-de\/wp-json\/wp\/v2\/users\/1"}],"replies":[{"embeddable":true,"href":"https:\/\/www.grundeinkommen-ist-waehlbar.de\/2017-de\/wp-json\/wp\/v2\/comments?post=1261"}],"version-history":[{"count":2,"href":"https:\/\/www.grundeinkommen-ist-waehlbar.de\/2017-de\/wp-json\/wp\/v2\/posts\/1261\/revisions"}],"predecessor-version":[{"id":1401,"href":"https:\/\/www.grundeinkommen-ist-waehlbar.de\/2017-de\/wp-json\/wp\/v2\/posts\/1261\/revisions\/1401"}],"wp:attachment":[{"href":"https:\/\/www.grundeinkommen-ist-waehlbar.de\/2017-de\/wp-json\/wp\/v2\/media?parent=1261"}],"wp:term":[{"taxonomy":"category","embeddable":true,"href":"https:\/\/www.grundeinkommen-ist-waehlbar.de\/2017-de\/wp-json\/wp\/v2\/categories?post=1261"},{"taxonomy":"post_tag","embeddable":true,"href":"https:\/\/www.grundeinkommen-ist-waehlbar.de\/2017-de\/wp-json\/wp\/v2\/tags?post=1261"}],"curies":[{"name":"wp","href":"https:\/\/api.w.org\/{rel}","templated":true}]}}