{"id":1265,"date":"2017-09-14T16:43:05","date_gmt":"2017-09-14T14:43:05","guid":{"rendered":"https:\/\/www.grundeinkommen-ist-waehlbar.de\/2017-de\/?p=1265"},"modified":"2017-09-14T16:43:05","modified_gmt":"2017-09-14T14:43:05","slug":"michael-tropp","status":"publish","type":"post","link":"https:\/\/www.grundeinkommen-ist-waehlbar.de\/2017-de\/michael-tropp\/","title":{"rendered":"Michael Tropp"},"content":{"rendered":"<p><a href=\"https:\/\/www.grundeinkommen-ist-waehlbar.de\/2017-de\/wp-content\/uploads\/sites\/3\/2017\/09\/Bild2.jpg\"><img decoding=\"async\" src=\"https:\/\/www.grundeinkommen-ist-waehlbar.de\/2017-de\/wp-content\/uploads\/sites\/3\/2017\/09\/Bild2-200x300.jpg\" width=\"250px\" height=\"300\" alt=\"Bild2\" style=\"display:inline-block\" \/><\/a> <\/p><p>parteiloser Direktkandidat<\/p>\n<p>Wahlkreis 138: Hagen &#8211; Ennepe-Ruhr-Kreis I<\/p>\n<p>Pers\u00f6nliches Statement:<\/p>\n<p>Die Gesellschaft wird sich in den n\u00e4chsten 30 Jahren grundlegend ver\u00e4ndern. Ein Grundeinkommen wird unabdingbar sein. Je fr\u00fcher dieses eingef\u00fchrt wird, desto besser f\u00fcr die kommenden Generationen<\/p>\n<p>Zur Person:<\/p>\n<p>Jahrgang 1960<br \/>\ngeboren und aufgewachsen in Hagen, Schullaufbahn in Hagen-Wehringhausen,<br \/>\ngelernter Maschinenschlosser bei der Varta, T\u00e4tigkeit im Bereich der Fertigung in unterschiedlichen Unternehmen, Einsatz als Au\u00dfendienstmonteur (bundesweit),<br \/>\nseit 1994 selbstst\u00e4ndig im Service und Handel mit CNC-Bearbeitungsmaschinen (Michael Tropp GmbH); 2013 Gr\u00fcndung einer weiteren Firma f\u00fcr den Handel mit Uhren, Schmuck und Antiquit\u00e4ten;<br \/>\nin 2. Ehe verheiratet, 3 Kinder (aus 1. und 2. Ehe) \u2013 und als Familienvater engagiert in den jeweiligen Kinderg\u00e4rten und Schulen<\/p>\n<p>\u201eIch habe mich f\u00fcr den Wahlkreis Hagen \/ Ennepe-Ruhr-Kreis I als parteiloser Direktkandidat f\u00fcr die Bundestagswahl 2017 beworben, weil ich davon \u00fcberzeugt bin, dass auch kleine Stimmen mehr geh\u00f6rt werden m\u00fcssen und die aktuellen politische Landschaft dies (noch) nicht zul\u00e4sst. Als ein \u00fcberzeugter B\u00fcrgerkandidat m\u00f6chte ich f\u00fcr unser Land etwas bewegen und positive Ver\u00e4nderungen f\u00fcr uns alle herbeif\u00fchren. Im Moment sehe ich die aktuelle Politik f\u00fcr den Gro\u00dfteil der Bev\u00f6lkerung als nicht zukunftsorientiert.\u201c<\/p>\n<p>Website: <a href=\"http:\/\/www.tropp2017.de\">http:\/\/www.tropp2017.de<\/a><\/p>","protected":false},"excerpt":{"rendered":"<p>parteiloser Direktkandidat Wahlkreis 138: Hagen &#8211; Ennepe-Ruhr-Kreis I Pers\u00f6nliches Statement: Die Gesellschaft wird sich in den n\u00e4chsten 30 Jahren grundlegend ver\u00e4ndern. Ein Grundeinkommen wird unabdingbar sein. Je fr\u00fcher dieses eingef\u00fchrt wird, desto besser f\u00fcr die kommenden Generationen Zur Person: Jahrgang 1960 geboren und aufgewachsen in Hagen, Schullaufbahn in Hagen-Wehringhausen, gelernter Maschinenschlosser bei der Varta, T\u00e4tigkeit &hellip; <\/p>\n<p class=\"link-more\"><a href=\"https:\/\/www.grundeinkommen-ist-waehlbar.de\/2017-de\/michael-tropp\/\" class=\"more-link\"><span class=\"screen-reader-text\">\u201eMichael Tropp\u201c <\/span>weiterlesen<\/a><\/p>\n","protected":false},"author":1,"featured_media":0,"comment_status":"closed","ping_status":"closed","sticky":false,"template":"","format":"standard","meta":{"footnotes":""},"categories":[16,63,192],"tags":[],"class_list":["post-1265","post","type-post","status-publish","format-standard","hentry","category-nordrhein-westfalen","category-parteilos","category-wahlkreis-138"],"_links":{"self":[{"href":"https:\/\/www.grundeinkommen-ist-waehlbar.de\/2017-de\/wp-json\/wp\/v2\/posts\/1265","targetHints":{"allow":["GET"]}}],"collection":[{"href":"https:\/\/www.grundeinkommen-ist-waehlbar.de\/2017-de\/wp-json\/wp\/v2\/posts"}],"about":[{"href":"https:\/\/www.grundeinkommen-ist-waehlbar.de\/2017-de\/wp-json\/wp\/v2\/types\/post"}],"author":[{"embeddable":true,"href":"https:\/\/www.grundeinkommen-ist-waehlbar.de\/2017-de\/wp-json\/wp\/v2\/users\/1"}],"replies":[{"embeddable":true,"href":"https:\/\/www.grundeinkommen-ist-waehlbar.de\/2017-de\/wp-json\/wp\/v2\/comments?post=1265"}],"version-history":[{"count":2,"href":"https:\/\/www.grundeinkommen-ist-waehlbar.de\/2017-de\/wp-json\/wp\/v2\/posts\/1265\/revisions"}],"predecessor-version":[{"id":1268,"href":"https:\/\/www.grundeinkommen-ist-waehlbar.de\/2017-de\/wp-json\/wp\/v2\/posts\/1265\/revisions\/1268"}],"wp:attachment":[{"href":"https:\/\/www.grundeinkommen-ist-waehlbar.de\/2017-de\/wp-json\/wp\/v2\/media?parent=1265"}],"wp:term":[{"taxonomy":"category","embeddable":true,"href":"https:\/\/www.grundeinkommen-ist-waehlbar.de\/2017-de\/wp-json\/wp\/v2\/categories?post=1265"},{"taxonomy":"post_tag","embeddable":true,"href":"https:\/\/www.grundeinkommen-ist-waehlbar.de\/2017-de\/wp-json\/wp\/v2\/tags?post=1265"}],"curies":[{"name":"wp","href":"https:\/\/api.w.org\/{rel}","templated":true}]}}