{"id":1283,"date":"2017-09-15T11:36:29","date_gmt":"2017-09-15T09:36:29","guid":{"rendered":"https:\/\/www.grundeinkommen-ist-waehlbar.de\/2017-de\/?p=1283"},"modified":"2017-09-15T13:50:45","modified_gmt":"2017-09-15T11:50:45","slug":"marion-schneider","status":"publish","type":"post","link":"https:\/\/www.grundeinkommen-ist-waehlbar.de\/2017-de\/marion-schneider\/","title":{"rendered":"Marion Schneider"},"content":{"rendered":"<p><a href=\"https:\/\/www.grundeinkommen-ist-waehlbar.de\/2017-de\/wp-content\/uploads\/sites\/3\/2017\/09\/MS-mit-B\u00fccherwand-sehr-klein.jpg\"><img decoding=\"async\" src=\"https:\/\/www.grundeinkommen-ist-waehlbar.de\/2017-de\/wp-content\/uploads\/sites\/3\/2017\/09\/MS-mit-B\u00fccherwand-sehr-klein-200x300.jpg\" width=\"250px\" height=\"300\" alt=\"MS mit B\u00fccherwand sehr klein\" style=\"display:inline-block\" \/><\/a> <\/p><p>Parteifreie B\u00fcrgerkandidatin<\/p>\n<p>Wahlkreis 191: Jena &#8211; S\u00f6mmerda &#8211; Weimarer Land I<\/p>\n<p>Pers\u00f6nliches Statement:<\/p>\n<p>Die Schere zwischen arm und reich ist inakzeptabel gro\u00df geworden. Viele Menschen m\u00fcssen heute in Deutschland mit sehr wenig Geld auskommen. Wir brauchen eine Mindestrente. Hartz IV in dieser Form muss abgeschafft werden, da es krank macht. Ein solidarisches Grundeinkommen ist daf\u00fcr eine M\u00f6glichkeit. Derzeit gibt es dazu mehr als 30 Modelle. Diese sind zu pr\u00fcfen und zu besprechen. Mit dem Grundeinkommen einher geht die Notwendigkeit einer Steuerreform: 43 Prozent aller Steuereinnahmen r\u00fchren aus der Lohn- und Einkommenssteuer. Kein Wunder, dass Arbeit immer teurer wird und die L\u00f6hne in Branchen, wo viele Arbeitskr\u00e4fte ben\u00f6tigt werden, niedrig sind. Zus\u00e4tzlich ben\u00f6tigen wir finanzwirtschaftliche Ver\u00e4nderungen. Die Einf\u00fchrung einer Transaktionssteuer ist dazu ein Schl\u00fcssel.<\/p>\n<p>Zur Person:<\/p>\n<p>Marion Schneider studierte Geschichte, Deutsche Sprache und Literatur. Zusammen mit ihrem Ehemann Klaus-Dieter B\u00f6hm ist sie Inhaberin und Betreiberin verschiedener Einrichtungen, die unter dem Namen Toskanaworld zusammengefasst sind. Ihr Ziel ist es, dass Pr\u00e4vention und Rehabilitation im Bereich von Medizin wie Politik eine tragende Rolle erhalten, da dies sozial wie volkswirtschaftlich sinnvoll und notwendig ist. Zur Bundestagswahl 2017 wurde sie das erste Mal als Direktkandidatin aufgestellt und bezeichnet dies als ihren Einstieg in die aktive Politik. 2007 wurde ihr die Auszeichnung \u00bbUnternehmerin des Jahres\u00ab im Kreis Weimarer Land verliehen und 2009 wurde sie in den Landeswirtschaftssenat Hessen-Th\u00fcringen des Bundesverbands der Mittelst\u00e4ndischen Wirtschaft berufen. Sie wirkt in verschiedenen internationalen Beir\u00e4ten der Wellness- und Gesundheitsbranche mit. Ehrenamtlich ist sie unter anderem Vorstandsvorsitzende des internationalen Kinderhilfswerkes Ourchild e.V. Au\u00dferdem organisiert sie j\u00e4hrlich einen Kongress zum Thema Frieden in Auerstedt\/Th\u00fcringen.<\/p>\n<p>Website: <a href=\"http:\/\/www.marionschneider.net\">http:\/\/www.marionschneider.net<\/a><\/p>","protected":false},"excerpt":{"rendered":"<p>Parteifreie B\u00fcrgerkandidatin Wahlkreis 191: Jena &#8211; S\u00f6mmerda &#8211; Weimarer Land I Pers\u00f6nliches Statement: Die Schere zwischen arm und reich ist inakzeptabel gro\u00df geworden. Viele Menschen m\u00fcssen heute in Deutschland mit sehr wenig Geld auskommen. Wir brauchen eine Mindestrente. Hartz IV in dieser Form muss abgeschafft werden, da es krank macht. Ein solidarisches Grundeinkommen ist daf\u00fcr &hellip; <\/p>\n<p class=\"link-more\"><a href=\"https:\/\/www.grundeinkommen-ist-waehlbar.de\/2017-de\/marion-schneider\/\" class=\"more-link\"><span class=\"screen-reader-text\">\u201eMarion Schneider\u201c <\/span>weiterlesen<\/a><\/p>\n","protected":false},"author":1,"featured_media":0,"comment_status":"closed","ping_status":"closed","sticky":false,"template":"","format":"standard","meta":{"footnotes":""},"categories":[63,360,363],"tags":[],"class_list":["post-1283","post","type-post","status-publish","format-standard","hentry","category-parteilos","category-thueringen","category-wahlkreis-191"],"_links":{"self":[{"href":"https:\/\/www.grundeinkommen-ist-waehlbar.de\/2017-de\/wp-json\/wp\/v2\/posts\/1283","targetHints":{"allow":["GET"]}}],"collection":[{"href":"https:\/\/www.grundeinkommen-ist-waehlbar.de\/2017-de\/wp-json\/wp\/v2\/posts"}],"about":[{"href":"https:\/\/www.grundeinkommen-ist-waehlbar.de\/2017-de\/wp-json\/wp\/v2\/types\/post"}],"author":[{"embeddable":true,"href":"https:\/\/www.grundeinkommen-ist-waehlbar.de\/2017-de\/wp-json\/wp\/v2\/users\/1"}],"replies":[{"embeddable":true,"href":"https:\/\/www.grundeinkommen-ist-waehlbar.de\/2017-de\/wp-json\/wp\/v2\/comments?post=1283"}],"version-history":[{"count":3,"href":"https:\/\/www.grundeinkommen-ist-waehlbar.de\/2017-de\/wp-json\/wp\/v2\/posts\/1283\/revisions"}],"predecessor-version":[{"id":1306,"href":"https:\/\/www.grundeinkommen-ist-waehlbar.de\/2017-de\/wp-json\/wp\/v2\/posts\/1283\/revisions\/1306"}],"wp:attachment":[{"href":"https:\/\/www.grundeinkommen-ist-waehlbar.de\/2017-de\/wp-json\/wp\/v2\/media?parent=1283"}],"wp:term":[{"taxonomy":"category","embeddable":true,"href":"https:\/\/www.grundeinkommen-ist-waehlbar.de\/2017-de\/wp-json\/wp\/v2\/categories?post=1283"},{"taxonomy":"post_tag","embeddable":true,"href":"https:\/\/www.grundeinkommen-ist-waehlbar.de\/2017-de\/wp-json\/wp\/v2\/tags?post=1283"}],"curies":[{"name":"wp","href":"https:\/\/api.w.org\/{rel}","templated":true}]}}