{"id":1289,"date":"2017-09-15T11:39:10","date_gmt":"2017-09-15T09:39:10","guid":{"rendered":"https:\/\/www.grundeinkommen-ist-waehlbar.de\/2017-de\/?p=1289"},"modified":"2017-09-15T13:41:03","modified_gmt":"2017-09-15T11:41:03","slug":"dominik-eichbaum","status":"publish","type":"post","link":"https:\/\/www.grundeinkommen-ist-waehlbar.de\/2017-de\/dominik-eichbaum\/","title":{"rendered":"Dominik Eichbaum"},"content":{"rendered":"<p>Einzelbewerber (Plattform 4D)<\/p>\n<p>Wahlkreis 148: Siegen-Wittgenstein<\/p>\n<p>Pers\u00f6nliches Statement\/Zur Person:<\/p>\n<p>Liebe Mitb\u00fcrger, das bin ich: 38 J., verh., 2 Kinder, geb. Wittgensteiner, wohne in Siegen in NRW. Zivildienst, Ausbildung (Volksbank) und Studium an der Uni Siegen BWL f\u00fcr kleine und mittlere Unternehmen. Als Wirtschaftsf\u00f6rderer gestalte ich regionale Zukunftsf\u00e4higkeit wie Infrastruktur, Mittelstand und Forschung. Ich forsche zu Fragen der Elektromobilit\u00e4t, Digitalisierung, Fachkr\u00e4ftemangel und Innovation. Ich kenne die Region, die Politik und Verwaltung. Diese Kompetenz werde ich einsetzen, um unsere Region bundespolitisch nach vorne zu bringen. Als parteiloser Kandidat im Wahlkreis 148 (Siegen-Wittgenstein) biete ich eine echte und glaubw\u00fcrdige Option abseits der Parteien. Basisdemokratie sch\u00fctzen. Lobbyismus stoppen. Zukunftspolitik f\u00f6rdern. Wenn Abgeordnete zum Fraktionszwang gen\u00f6tigt werden, wird dann noch die grundgesetzliche Gewissensfreiheit gesch\u00fctzt? 40% Nichtw\u00e4hler, Verm\u00f6gensungleichheit und Demokratiebeschneidung gef\u00e4hrden massiv den sozialen Zusammenhalt! Mit der \u201e4. Demokratiewelle\u201c (4D) verlieren Parteien in der digitalen Gesellschaft an Bedeutung \u2013 was sie mit aller \u201eMacht\u201c verhindern wollen. Die Entwicklung werden sie nicht stoppen: Die Zukunft der Demokratie l\u00e4uft auf Plattformen, die Millionen Menschen wieder redemokratisieren und politisch neu beteiligen! Nur dort entstehen fortschrittliche L\u00f6sungen wie ein Bedingungsloses Grundeinkommen (BGE) als progressive Antwort auf Herausforderungen in Bildung, Arbeit, Sicherheit, Umwelt- und Gesundheitsschutz oder sozialen Teilhabe. Daf\u00fcr stehe ich mit der Plattform4D. Ihr Dominik Eichbaum<\/p>\n<p>Website: <a href=\"http:\/\/WWW.plattform-4D.de\">http:\/\/WWW.plattform-4D.de<\/a><\/p>","protected":false},"excerpt":{"rendered":"<p>Einzelbewerber (Plattform 4D) Wahlkreis 148: Siegen-Wittgenstein Pers\u00f6nliches Statement\/Zur Person: Liebe Mitb\u00fcrger, das bin ich: 38 J., verh., 2 Kinder, geb. Wittgensteiner, wohne in Siegen in NRW. Zivildienst, Ausbildung (Volksbank) und Studium an der Uni Siegen BWL f\u00fcr kleine und mittlere Unternehmen. Als Wirtschaftsf\u00f6rderer gestalte ich regionale Zukunftsf\u00e4higkeit wie Infrastruktur, Mittelstand und Forschung. Ich forsche zu &hellip; <\/p>\n<p class=\"link-more\"><a href=\"https:\/\/www.grundeinkommen-ist-waehlbar.de\/2017-de\/dominik-eichbaum\/\" class=\"more-link\"><span class=\"screen-reader-text\">\u201eDominik Eichbaum\u201c <\/span>weiterlesen<\/a><\/p>\n","protected":false},"author":1,"featured_media":0,"comment_status":"closed","ping_status":"closed","sticky":false,"template":"","format":"standard","meta":{"footnotes":""},"categories":[16,63,202],"tags":[],"class_list":["post-1289","post","type-post","status-publish","format-standard","hentry","category-nordrhein-westfalen","category-parteilos","category-wahlkreis-148"],"_links":{"self":[{"href":"https:\/\/www.grundeinkommen-ist-waehlbar.de\/2017-de\/wp-json\/wp\/v2\/posts\/1289","targetHints":{"allow":["GET"]}}],"collection":[{"href":"https:\/\/www.grundeinkommen-ist-waehlbar.de\/2017-de\/wp-json\/wp\/v2\/posts"}],"about":[{"href":"https:\/\/www.grundeinkommen-ist-waehlbar.de\/2017-de\/wp-json\/wp\/v2\/types\/post"}],"author":[{"embeddable":true,"href":"https:\/\/www.grundeinkommen-ist-waehlbar.de\/2017-de\/wp-json\/wp\/v2\/users\/1"}],"replies":[{"embeddable":true,"href":"https:\/\/www.grundeinkommen-ist-waehlbar.de\/2017-de\/wp-json\/wp\/v2\/comments?post=1289"}],"version-history":[{"count":3,"href":"https:\/\/www.grundeinkommen-ist-waehlbar.de\/2017-de\/wp-json\/wp\/v2\/posts\/1289\/revisions"}],"predecessor-version":[{"id":1300,"href":"https:\/\/www.grundeinkommen-ist-waehlbar.de\/2017-de\/wp-json\/wp\/v2\/posts\/1289\/revisions\/1300"}],"wp:attachment":[{"href":"https:\/\/www.grundeinkommen-ist-waehlbar.de\/2017-de\/wp-json\/wp\/v2\/media?parent=1289"}],"wp:term":[{"taxonomy":"category","embeddable":true,"href":"https:\/\/www.grundeinkommen-ist-waehlbar.de\/2017-de\/wp-json\/wp\/v2\/categories?post=1289"},{"taxonomy":"post_tag","embeddable":true,"href":"https:\/\/www.grundeinkommen-ist-waehlbar.de\/2017-de\/wp-json\/wp\/v2\/tags?post=1289"}],"curies":[{"name":"wp","href":"https:\/\/api.w.org\/{rel}","templated":true}]}}