{"id":1346,"date":"2017-09-18T18:49:46","date_gmt":"2017-09-18T16:49:46","guid":{"rendered":"https:\/\/www.grundeinkommen-ist-waehlbar.de\/2017-de\/?p=1346"},"modified":"2017-09-18T21:43:09","modified_gmt":"2017-09-18T19:43:09","slug":"michael-leutert","status":"publish","type":"post","link":"https:\/\/www.grundeinkommen-ist-waehlbar.de\/2017-de\/michael-leutert\/","title":{"rendered":"Michael Leutert"},"content":{"rendered":"<p><a href=\"https:\/\/www.grundeinkommen-ist-waehlbar.de\/2017-de\/wp-content\/uploads\/sites\/3\/2017\/09\/B74CD70A-5DEE-4700-A82E-FE4904BF6805-26368-00001601A75B5618.jpeg\"><img decoding=\"async\" src=\"https:\/\/www.grundeinkommen-ist-waehlbar.de\/2017-de\/wp-content\/uploads\/sites\/3\/2017\/09\/B74CD70A-5DEE-4700-A82E-FE4904BF6805-26368-00001601A75B5618-300x201.jpeg\" width=\"250px\" height=\"201\" alt=\"B74CD70A-5DEE-4700-A82E-FE4904BF6805-26368-00001601A75B5618\" style=\"display:inline-block\" \/><\/a> <\/p><p>DIE LINKE<\/p>\n<p>Wahlkreis 162: Chemnitz<br \/>\nPlatz 4 der Landesliste Sachsen<\/p>\n<p>Pers\u00f6nliches Statement:<\/p>\n<p>Wenn immer weniger Menschen herk\u00f6mmlicher Erwerbsarbeit nachgehen k\u00f6nnen und dadurch von gesellschaftlicher Teilhabe ausgeschlossen werden, muss \u00fcber eine Entkopplung von Erwerbsarbeit und Existenzsicherung nachgedacht werden. Ein R\u00fcckzug auf wohlfahrtsstaatliche Modelle der siebziger Jahre kann meines Erachtens deshalb keine langfristige L\u00f6sung bieten, ein bedingungsloses Grundeinkommen schon.<\/p>\n<p>Zur Person:<\/p>\n<p>Geboren 1974 in Schlema (Erzgebirge); seit 2005 f\u00fcr DIE LINKE im Bundestag; Mitglied im Haushaltsausschuss und Sprecher der acht s\u00e4chsischen Bundestagsabgeordneten der LINKEN im Bundestag.<\/p>\n<p>Website: <a href=\"http:\/\/michael-leutert.de\">http:\/\/michael-leutert.de<\/a><\/p>","protected":false},"excerpt":{"rendered":"<p>DIE LINKE Wahlkreis 162: Chemnitz Platz 4 der Landesliste Sachsen Pers\u00f6nliches Statement: Wenn immer weniger Menschen herk\u00f6mmlicher Erwerbsarbeit nachgehen k\u00f6nnen und dadurch von gesellschaftlicher Teilhabe ausgeschlossen werden, muss \u00fcber eine Entkopplung von Erwerbsarbeit und Existenzsicherung nachgedacht werden. Ein R\u00fcckzug auf wohlfahrtsstaatliche Modelle der siebziger Jahre kann meines Erachtens deshalb keine langfristige L\u00f6sung bieten, ein bedingungsloses &hellip; <\/p>\n<p class=\"link-more\"><a href=\"https:\/\/www.grundeinkommen-ist-waehlbar.de\/2017-de\/michael-leutert\/\" class=\"more-link\"><span class=\"screen-reader-text\">\u201eMichael Leutert\u201c <\/span>weiterlesen<\/a><\/p>\n","protected":false},"author":1,"featured_media":0,"comment_status":"closed","ping_status":"closed","sticky":false,"template":"","format":"standard","meta":{"footnotes":""},"categories":[60,54,17,216],"tags":[],"class_list":["post-1346","post","type-post","status-publish","format-standard","hentry","category-die-linke","category-listenkandidatin","category-sachsen","category-wahlkreis-162"],"_links":{"self":[{"href":"https:\/\/www.grundeinkommen-ist-waehlbar.de\/2017-de\/wp-json\/wp\/v2\/posts\/1346","targetHints":{"allow":["GET"]}}],"collection":[{"href":"https:\/\/www.grundeinkommen-ist-waehlbar.de\/2017-de\/wp-json\/wp\/v2\/posts"}],"about":[{"href":"https:\/\/www.grundeinkommen-ist-waehlbar.de\/2017-de\/wp-json\/wp\/v2\/types\/post"}],"author":[{"embeddable":true,"href":"https:\/\/www.grundeinkommen-ist-waehlbar.de\/2017-de\/wp-json\/wp\/v2\/users\/1"}],"replies":[{"embeddable":true,"href":"https:\/\/www.grundeinkommen-ist-waehlbar.de\/2017-de\/wp-json\/wp\/v2\/comments?post=1346"}],"version-history":[{"count":5,"href":"https:\/\/www.grundeinkommen-ist-waehlbar.de\/2017-de\/wp-json\/wp\/v2\/posts\/1346\/revisions"}],"predecessor-version":[{"id":1354,"href":"https:\/\/www.grundeinkommen-ist-waehlbar.de\/2017-de\/wp-json\/wp\/v2\/posts\/1346\/revisions\/1354"}],"wp:attachment":[{"href":"https:\/\/www.grundeinkommen-ist-waehlbar.de\/2017-de\/wp-json\/wp\/v2\/media?parent=1346"}],"wp:term":[{"taxonomy":"category","embeddable":true,"href":"https:\/\/www.grundeinkommen-ist-waehlbar.de\/2017-de\/wp-json\/wp\/v2\/categories?post=1346"},{"taxonomy":"post_tag","embeddable":true,"href":"https:\/\/www.grundeinkommen-ist-waehlbar.de\/2017-de\/wp-json\/wp\/v2\/tags?post=1346"}],"curies":[{"name":"wp","href":"https:\/\/api.w.org\/{rel}","templated":true}]}}