{"id":1395,"date":"2017-09-21T16:28:33","date_gmt":"2017-09-21T14:28:33","guid":{"rendered":"https:\/\/www.grundeinkommen-ist-waehlbar.de\/2017-de\/?p=1395"},"modified":"2017-09-21T17:00:17","modified_gmt":"2017-09-21T15:00:17","slug":"alexander-spies","status":"publish","type":"post","link":"https:\/\/www.grundeinkommen-ist-waehlbar.de\/2017-de\/alexander-spies\/","title":{"rendered":"Alexander Spies"},"content":{"rendered":"<p><a href=\"https:\/\/www.grundeinkommen-ist-waehlbar.de\/2017-de\/wp-content\/uploads\/sites\/3\/2017\/09\/32236-bild.jpg\"><img decoding=\"async\" src=\"https:\/\/www.grundeinkommen-ist-waehlbar.de\/2017-de\/wp-content\/uploads\/sites\/3\/2017\/09\/32236-bild-283x300.jpg\" width=\"250px\" height=\"300\" alt=\"32236-bild\" style=\"display:inline-block\" \/><\/a> <\/p><p>Piratenpartei<\/p>\n<p>Wahlkreis 081: Berlin-Tempelhof &#8211; Sch\u00f6neberg<br \/>\nPlatz 5 der Landesliste Berlin<\/p>\n<p>Pers\u00f6nliches Statement:<\/p>\n<p>Weltweite Vernetzung und Digitalisierung ver\u00e4ndern unsere Gesellschaft. Die neuen Chancen mu\u0308ssen politisch gestaltet werden, damit sie allen Menschen nutzen.<br \/>\nDies setzt direktdemokratische Beteiligung an politischen<br \/>\nEntscheidungen voraus. Die PIRATEN streiten fu\u0308r das Menschenrecht der Zukunft.<\/p>\n<p>Zur Person:<\/p>\n<p>Softwareentwickler; bis Oktober 2016 Mitglied des Abgeordnetenhaus von Berlin und Fraktionsvorsitzender der Piratenfraktion.<\/p>\n<p>Website: <a href=\"https:\/\/www.wen-waehlen.de\/btw17\/kandidaten\/37477-alexander-spies.html\">https:\/\/www.wen-waehlen.de\/btw17\/kandidaten\/37477-alexander-spies.html<\/a><\/p>","protected":false},"excerpt":{"rendered":"<p>Piratenpartei Wahlkreis 081: Berlin-Tempelhof &#8211; Sch\u00f6neberg Platz 5 der Landesliste Berlin Pers\u00f6nliches Statement: Weltweite Vernetzung und Digitalisierung ver\u00e4ndern unsere Gesellschaft. Die neuen Chancen mu\u0308ssen politisch gestaltet werden, damit sie allen Menschen nutzen. Dies setzt direktdemokratische Beteiligung an politischen Entscheidungen voraus. Die PIRATEN streiten fu\u0308r das Menschenrecht der Zukunft. Zur Person: Softwareentwickler; bis Oktober 2016 Mitglied &hellip; <\/p>\n<p class=\"link-more\"><a href=\"https:\/\/www.grundeinkommen-ist-waehlbar.de\/2017-de\/alexander-spies\/\" class=\"more-link\"><span class=\"screen-reader-text\">\u201eAlexander Spies\u201c <\/span>weiterlesen<\/a><\/p>\n","protected":false},"author":1,"featured_media":0,"comment_status":"closed","ping_status":"closed","sticky":false,"template":"","format":"standard","meta":{"footnotes":""},"categories":[379,15,54,64,135],"tags":[],"class_list":["post-1395","post","type-post","status-publish","format-standard","hentry","category-listkandidatinnen-berlin","category-berlin","category-listenkandidatin","category-piratenpartei","category-wahlkreis-081"],"_links":{"self":[{"href":"https:\/\/www.grundeinkommen-ist-waehlbar.de\/2017-de\/wp-json\/wp\/v2\/posts\/1395","targetHints":{"allow":["GET"]}}],"collection":[{"href":"https:\/\/www.grundeinkommen-ist-waehlbar.de\/2017-de\/wp-json\/wp\/v2\/posts"}],"about":[{"href":"https:\/\/www.grundeinkommen-ist-waehlbar.de\/2017-de\/wp-json\/wp\/v2\/types\/post"}],"author":[{"embeddable":true,"href":"https:\/\/www.grundeinkommen-ist-waehlbar.de\/2017-de\/wp-json\/wp\/v2\/users\/1"}],"replies":[{"embeddable":true,"href":"https:\/\/www.grundeinkommen-ist-waehlbar.de\/2017-de\/wp-json\/wp\/v2\/comments?post=1395"}],"version-history":[{"count":3,"href":"https:\/\/www.grundeinkommen-ist-waehlbar.de\/2017-de\/wp-json\/wp\/v2\/posts\/1395\/revisions"}],"predecessor-version":[{"id":1399,"href":"https:\/\/www.grundeinkommen-ist-waehlbar.de\/2017-de\/wp-json\/wp\/v2\/posts\/1395\/revisions\/1399"}],"wp:attachment":[{"href":"https:\/\/www.grundeinkommen-ist-waehlbar.de\/2017-de\/wp-json\/wp\/v2\/media?parent=1395"}],"wp:term":[{"taxonomy":"category","embeddable":true,"href":"https:\/\/www.grundeinkommen-ist-waehlbar.de\/2017-de\/wp-json\/wp\/v2\/categories?post=1395"},{"taxonomy":"post_tag","embeddable":true,"href":"https:\/\/www.grundeinkommen-ist-waehlbar.de\/2017-de\/wp-json\/wp\/v2\/tags?post=1395"}],"curies":[{"name":"wp","href":"https:\/\/api.w.org\/{rel}","templated":true}]}}