{"id":1402,"date":"2017-09-22T07:54:52","date_gmt":"2017-09-22T05:54:52","guid":{"rendered":"https:\/\/www.grundeinkommen-ist-waehlbar.de\/2017-de\/?p=1402"},"modified":"2017-09-22T07:54:52","modified_gmt":"2017-09-22T05:54:52","slug":"ute-elisabeth-gabelmann","status":"publish","type":"post","link":"https:\/\/www.grundeinkommen-ist-waehlbar.de\/2017-de\/ute-elisabeth-gabelmann\/","title":{"rendered":"Ute Elisabeth Gabelmann"},"content":{"rendered":"<p><a href=\"https:\/\/www.grundeinkommen-ist-waehlbar.de\/2017-de\/wp-content\/uploads\/sites\/3\/2017\/09\/DSC_8358-Weltnest.jpg\"><img decoding=\"async\" src=\"https:\/\/www.grundeinkommen-ist-waehlbar.de\/2017-de\/wp-content\/uploads\/sites\/3\/2017\/09\/DSC_8358-Weltnest.jpg\" width=\"250px\" height=\"200\" alt=\"DSC_8358 Weltnest\" style=\"display:inline-block\" \/><\/a> <\/p><p>Piratenpartei<\/p>\n<p>Wahlkreis 153: Leipzig II (S\u00fcd)<br \/>\nPlatz 3 der Landesliste Sachsen<\/p>\n<p>Pers\u00f6nliches Statement:<\/p>\n<p>Ich stehe zur Idee des Grundeinkommens. Die Umsetzung wird nur langfristig gelingen, es wird viel \u00dcberzeugungsarbeit n\u00f6tig sein &#8211; jedoch sehe ich mit einer sich wandelnden Arbeitswelt kaum Alternativen, dass alle Menschen noch ihren Lebensunterhalt selbst erarbeiten k\u00f6nnen. Es stellt sich auch die Frage, ob dies mit zunehmender Automatisierung noch n\u00f6tig ist.<\/p>\n<p>Zur Person:<\/p>\n<p>Ute Elisabeth Gabelmann ist seit \u00fcber zehn Jahren politisch aktiv, davon die letzten acht in der Piratenpartei. Von Beginn an widmete sie sich den Themen \u00dcberwachung, Arbeitspolitik und Stadtentwicklung. Seit 2015 ist sie Stadtr\u00e4tin der Stadt Leipzig. Sie kandidiert zum ersten Mal f\u00fcr den Deutschen Bundestag.<\/p>\n<p>Website: <a href=\"http:\/\/www.piratenlily.net\">http:\/\/www.piratenlily.net<\/a><\/p>","protected":false},"excerpt":{"rendered":"<p>Piratenpartei Wahlkreis 153: Leipzig II (S\u00fcd) Platz 3 der Landesliste Sachsen Pers\u00f6nliches Statement: Ich stehe zur Idee des Grundeinkommens. Die Umsetzung wird nur langfristig gelingen, es wird viel \u00dcberzeugungsarbeit n\u00f6tig sein &#8211; jedoch sehe ich mit einer sich wandelnden Arbeitswelt kaum Alternativen, dass alle Menschen noch ihren Lebensunterhalt selbst erarbeiten k\u00f6nnen. Es stellt sich auch &hellip; <\/p>\n<p class=\"link-more\"><a href=\"https:\/\/www.grundeinkommen-ist-waehlbar.de\/2017-de\/ute-elisabeth-gabelmann\/\" class=\"more-link\"><span class=\"screen-reader-text\">\u201eUte Elisabeth Gabelmann\u201c <\/span>weiterlesen<\/a><\/p>\n","protected":false},"author":1,"featured_media":0,"comment_status":"closed","ping_status":"closed","sticky":false,"template":"","format":"standard","meta":{"footnotes":""},"categories":[54,64,17,207],"tags":[],"class_list":["post-1402","post","type-post","status-publish","format-standard","hentry","category-listenkandidatin","category-piratenpartei","category-sachsen","category-wahlkreis-153"],"_links":{"self":[{"href":"https:\/\/www.grundeinkommen-ist-waehlbar.de\/2017-de\/wp-json\/wp\/v2\/posts\/1402","targetHints":{"allow":["GET"]}}],"collection":[{"href":"https:\/\/www.grundeinkommen-ist-waehlbar.de\/2017-de\/wp-json\/wp\/v2\/posts"}],"about":[{"href":"https:\/\/www.grundeinkommen-ist-waehlbar.de\/2017-de\/wp-json\/wp\/v2\/types\/post"}],"author":[{"embeddable":true,"href":"https:\/\/www.grundeinkommen-ist-waehlbar.de\/2017-de\/wp-json\/wp\/v2\/users\/1"}],"replies":[{"embeddable":true,"href":"https:\/\/www.grundeinkommen-ist-waehlbar.de\/2017-de\/wp-json\/wp\/v2\/comments?post=1402"}],"version-history":[{"count":2,"href":"https:\/\/www.grundeinkommen-ist-waehlbar.de\/2017-de\/wp-json\/wp\/v2\/posts\/1402\/revisions"}],"predecessor-version":[{"id":1405,"href":"https:\/\/www.grundeinkommen-ist-waehlbar.de\/2017-de\/wp-json\/wp\/v2\/posts\/1402\/revisions\/1405"}],"wp:attachment":[{"href":"https:\/\/www.grundeinkommen-ist-waehlbar.de\/2017-de\/wp-json\/wp\/v2\/media?parent=1402"}],"wp:term":[{"taxonomy":"category","embeddable":true,"href":"https:\/\/www.grundeinkommen-ist-waehlbar.de\/2017-de\/wp-json\/wp\/v2\/categories?post=1402"},{"taxonomy":"post_tag","embeddable":true,"href":"https:\/\/www.grundeinkommen-ist-waehlbar.de\/2017-de\/wp-json\/wp\/v2\/tags?post=1402"}],"curies":[{"name":"wp","href":"https:\/\/api.w.org\/{rel}","templated":true}]}}