{"id":214,"date":"2017-08-18T19:29:11","date_gmt":"2017-08-18T17:29:11","guid":{"rendered":"https:\/\/www.grundeinkommen-ist-waehlbar.de\/2017-de\/?p=214"},"modified":"2017-08-27T10:19:06","modified_gmt":"2017-08-27T08:19:06","slug":"elisabeth-walther","status":"publish","type":"post","link":"https:\/\/www.grundeinkommen-ist-waehlbar.de\/2017-de\/elisabeth-walther\/","title":{"rendered":"Elisabeth Walther"},"content":{"rendered":"<p><a href=\"https:\/\/www.grundeinkommen-ist-waehlbar.de\/2017-de\/wp-content\/uploads\/sites\/3\/2017\/08\/IMG_3488-2.jpg\"><img decoding=\"async\" src=\"https:\/\/www.grundeinkommen-ist-waehlbar.de\/2017-de\/wp-content\/uploads\/sites\/3\/2017\/08\/IMG_3488-2-300x225.jpg\" width=\"250px\" height=\"225\" alt=\"IMG_3488 (2)\" style=\"display:inline-block\" \/><\/a> <\/p><p>Die Violetten<\/p>\n<p>Wahlkreis 118: M\u00fclheim &#8211; Essen I<\/p>\n<p>Pers\u00f6nliches Statement:<\/p>\n<p>Es ist f\u00fcr mich ein NO GO, wenn Menschen eines arbeitsreichen und erf\u00fcllten Leben beim Sozialamt anstehen und ihre Existenzbed\u00fcrfnisse-Berechtigung nachweisen m\u00fcssen. Ebenso pl\u00e4dieren wir f\u00fcr mehr Digitalisierung und Automatisierung, sind aber nicht bereit die Folgen zu tragen. Das BGE ist die einzige M\u00f6glichkeit, unserer sozialen Verantwortung gerecht zu werden, und entspricht auch unser sozialen Reife, zu der manche offensichtlich noch nicht gelangt sind.<\/p>\n<p>Website: <a href=\"http:\/\/www.elisabethwalther.com\">http:\/\/www.elisabethwalther.com<\/a><\/p>","protected":false},"excerpt":{"rendered":"<p>Die Violetten Wahlkreis 118: M\u00fclheim &#8211; Essen I Pers\u00f6nliches Statement: Es ist f\u00fcr mich ein NO GO, wenn Menschen eines arbeitsreichen und erf\u00fcllten Leben beim Sozialamt anstehen und ihre Existenzbed\u00fcrfnisse-Berechtigung nachweisen m\u00fcssen. Ebenso pl\u00e4dieren wir f\u00fcr mehr Digitalisierung und Automatisierung, sind aber nicht bereit die Folgen zu tragen. Das BGE ist die einzige M\u00f6glichkeit, unserer &hellip; <\/p>\n<p class=\"link-more\"><a href=\"https:\/\/www.grundeinkommen-ist-waehlbar.de\/2017-de\/elisabeth-walther\/\" class=\"more-link\"><span class=\"screen-reader-text\">\u201eElisabeth Walther\u201c <\/span>weiterlesen<\/a><\/p>\n","protected":false},"author":1,"featured_media":0,"comment_status":"closed","ping_status":"closed","sticky":false,"template":"","format":"standard","meta":{"footnotes":""},"categories":[61,16,172],"tags":[],"class_list":["post-214","post","type-post","status-publish","format-standard","hentry","category-die-violetten","category-nordrhein-westfalen","category-wahlkreis-118"],"_links":{"self":[{"href":"https:\/\/www.grundeinkommen-ist-waehlbar.de\/2017-de\/wp-json\/wp\/v2\/posts\/214","targetHints":{"allow":["GET"]}}],"collection":[{"href":"https:\/\/www.grundeinkommen-ist-waehlbar.de\/2017-de\/wp-json\/wp\/v2\/posts"}],"about":[{"href":"https:\/\/www.grundeinkommen-ist-waehlbar.de\/2017-de\/wp-json\/wp\/v2\/types\/post"}],"author":[{"embeddable":true,"href":"https:\/\/www.grundeinkommen-ist-waehlbar.de\/2017-de\/wp-json\/wp\/v2\/users\/1"}],"replies":[{"embeddable":true,"href":"https:\/\/www.grundeinkommen-ist-waehlbar.de\/2017-de\/wp-json\/wp\/v2\/comments?post=214"}],"version-history":[{"count":3,"href":"https:\/\/www.grundeinkommen-ist-waehlbar.de\/2017-de\/wp-json\/wp\/v2\/posts\/214\/revisions"}],"predecessor-version":[{"id":667,"href":"https:\/\/www.grundeinkommen-ist-waehlbar.de\/2017-de\/wp-json\/wp\/v2\/posts\/214\/revisions\/667"}],"wp:attachment":[{"href":"https:\/\/www.grundeinkommen-ist-waehlbar.de\/2017-de\/wp-json\/wp\/v2\/media?parent=214"}],"wp:term":[{"taxonomy":"category","embeddable":true,"href":"https:\/\/www.grundeinkommen-ist-waehlbar.de\/2017-de\/wp-json\/wp\/v2\/categories?post=214"},{"taxonomy":"post_tag","embeddable":true,"href":"https:\/\/www.grundeinkommen-ist-waehlbar.de\/2017-de\/wp-json\/wp\/v2\/tags?post=214"}],"curies":[{"name":"wp","href":"https:\/\/api.w.org\/{rel}","templated":true}]}}