{"id":327,"date":"2017-08-22T23:13:58","date_gmt":"2017-08-22T21:13:58","guid":{"rendered":"https:\/\/www.grundeinkommen-ist-waehlbar.de\/2017-de\/?p=327"},"modified":"2017-09-18T23:13:52","modified_gmt":"2017-09-18T21:13:52","slug":"marie-salm","status":"publish","type":"post","link":"https:\/\/www.grundeinkommen-ist-waehlbar.de\/2017-de\/marie-salm\/","title":{"rendered":"Marie Salm"},"content":{"rendered":"<p><a href=\"https:\/\/www.grundeinkommen-ist-waehlbar.de\/2017-de\/wp-content\/uploads\/sites\/3\/2017\/08\/Marie-Salm.jpg\"><img decoding=\"async\" src=\"https:\/\/www.grundeinkommen-ist-waehlbar.de\/2017-de\/wp-content\/uploads\/sites\/3\/2017\/08\/Marie-Salm.jpg\" width=\"250px\" height=\"200\" alt=\"Marie Salm\" style=\"display:inline-block\" \/><\/a> <\/p><p>Piratenpartei<\/p>\n<p>Wahlkreis 199: Koblenz<br \/>\nPlatz 5 der Landesliste Rheinland-Pfalz<\/p>\n<p>Pers\u00f6nliches Statement:<\/p>\n<p>Ich bef\u00fcrworte ein Bedingungsloses Grundeinkommen, weil es den Menschen ein Leben in W\u00fcrde und Teilhabe erm\u00f6glicht.<\/p>\n","protected":false},"excerpt":{"rendered":"<p>Piratenpartei Wahlkreis 199: Koblenz Platz 5 der Landesliste Rheinland-Pfalz Pers\u00f6nliches Statement: Ich bef\u00fcrworte ein Bedingungsloses Grundeinkommen, weil es den Menschen ein Leben in W\u00fcrde und Teilhabe erm\u00f6glicht.<\/p>\n","protected":false},"author":1,"featured_media":0,"comment_status":"closed","ping_status":"closed","sticky":false,"template":"","format":"standard","meta":{"footnotes":""},"categories":[54,64,387,20,253],"tags":[],"class_list":["post-327","post","type-post","status-publish","format-standard","hentry","category-listenkandidatin","category-piratenpartei","category-listkandidatinnen-rheinland-pfalz","category-rheinland-pfalz","category-wahlkreis-199"],"_links":{"self":[{"href":"https:\/\/www.grundeinkommen-ist-waehlbar.de\/2017-de\/wp-json\/wp\/v2\/posts\/327","targetHints":{"allow":["GET"]}}],"collection":[{"href":"https:\/\/www.grundeinkommen-ist-waehlbar.de\/2017-de\/wp-json\/wp\/v2\/posts"}],"about":[{"href":"https:\/\/www.grundeinkommen-ist-waehlbar.de\/2017-de\/wp-json\/wp\/v2\/types\/post"}],"author":[{"embeddable":true,"href":"https:\/\/www.grundeinkommen-ist-waehlbar.de\/2017-de\/wp-json\/wp\/v2\/users\/1"}],"replies":[{"embeddable":true,"href":"https:\/\/www.grundeinkommen-ist-waehlbar.de\/2017-de\/wp-json\/wp\/v2\/comments?post=327"}],"version-history":[{"count":2,"href":"https:\/\/www.grundeinkommen-ist-waehlbar.de\/2017-de\/wp-json\/wp\/v2\/posts\/327\/revisions"}],"predecessor-version":[{"id":631,"href":"https:\/\/www.grundeinkommen-ist-waehlbar.de\/2017-de\/wp-json\/wp\/v2\/posts\/327\/revisions\/631"}],"wp:attachment":[{"href":"https:\/\/www.grundeinkommen-ist-waehlbar.de\/2017-de\/wp-json\/wp\/v2\/media?parent=327"}],"wp:term":[{"taxonomy":"category","embeddable":true,"href":"https:\/\/www.grundeinkommen-ist-waehlbar.de\/2017-de\/wp-json\/wp\/v2\/categories?post=327"},{"taxonomy":"post_tag","embeddable":true,"href":"https:\/\/www.grundeinkommen-ist-waehlbar.de\/2017-de\/wp-json\/wp\/v2\/tags?post=327"}],"curies":[{"name":"wp","href":"https:\/\/api.w.org\/{rel}","templated":true}]}}