{"id":408,"date":"2017-08-24T10:50:11","date_gmt":"2017-08-24T08:50:11","guid":{"rendered":"https:\/\/www.grundeinkommen-ist-waehlbar.de\/2017-de\/?p=408"},"modified":"2017-09-18T22:58:12","modified_gmt":"2017-09-18T20:58:12","slug":"dr-michael-berndt","status":"publish","type":"post","link":"https:\/\/www.grundeinkommen-ist-waehlbar.de\/2017-de\/dr-michael-berndt\/","title":{"rendered":"Dr. Michael Berndt"},"content":{"rendered":"<p><a href=\"https:\/\/www.grundeinkommen-ist-waehlbar.de\/2017-de\/wp-content\/uploads\/sites\/3\/2017\/08\/Berndt_500.jpg\"><img decoding=\"async\" src=\"https:\/\/www.grundeinkommen-ist-waehlbar.de\/2017-de\/wp-content\/uploads\/sites\/3\/2017\/08\/Berndt_500-271x300.jpg\" width=\"250px\" height=\"300\" alt=\"Berndt_500\" style=\"display:inline-block\" \/><\/a> <\/p><p>Piratenpartei<\/p>\n<p>Wahlkreis 024: Aurich &#8211; Emden<br \/>\nPlatz 1 der Landesliste Niedersachsen<\/p>\n<p>Pers\u00f6nliches Statement:<\/p>\n<p>Das Grundeinkommen ist ein wichtiger Baustein f\u00fcr eine nachhaltige Gesellschaft und hat so viele Vorteile f\u00fcr die Gesellschaft, dass es baldm\u00f6glichst umgesetzt werden muss.<\/p>\n<p>Zur Person:<\/p>\n<p>Website: <a href=\"https:\/\/wiki.piratenpartei.de\/Benutzer:Norder\">https:\/\/wiki.piratenpartei.de\/Benutzer:Norder<\/a><\/p>","protected":false},"excerpt":{"rendered":"<p>Piratenpartei Wahlkreis 024: Aurich &#8211; Emden Platz 1 der Landesliste Niedersachsen Pers\u00f6nliches Statement: Das Grundeinkommen ist ein wichtiger Baustein f\u00fcr eine nachhaltige Gesellschaft und hat so viele Vorteile f\u00fcr die Gesellschaft, dass es baldm\u00f6glichst umgesetzt werden muss. Zur Person: Website: https:\/\/wiki.piratenpartei.de\/Benutzer:Norder<\/p>\n","protected":false},"author":1,"featured_media":0,"comment_status":"closed","ping_status":"closed","sticky":false,"template":"","format":"standard","meta":{"footnotes":""},"categories":[54,385,11,64,78],"tags":[],"class_list":["post-408","post","type-post","status-publish","format-standard","hentry","category-listenkandidatin","category-listkandidatinnen-niedersachsen","category-niedersachsen","category-piratenpartei","category-wahlkreis-024"],"_links":{"self":[{"href":"https:\/\/www.grundeinkommen-ist-waehlbar.de\/2017-de\/wp-json\/wp\/v2\/posts\/408","targetHints":{"allow":["GET"]}}],"collection":[{"href":"https:\/\/www.grundeinkommen-ist-waehlbar.de\/2017-de\/wp-json\/wp\/v2\/posts"}],"about":[{"href":"https:\/\/www.grundeinkommen-ist-waehlbar.de\/2017-de\/wp-json\/wp\/v2\/types\/post"}],"author":[{"embeddable":true,"href":"https:\/\/www.grundeinkommen-ist-waehlbar.de\/2017-de\/wp-json\/wp\/v2\/users\/1"}],"replies":[{"embeddable":true,"href":"https:\/\/www.grundeinkommen-ist-waehlbar.de\/2017-de\/wp-json\/wp\/v2\/comments?post=408"}],"version-history":[{"count":2,"href":"https:\/\/www.grundeinkommen-ist-waehlbar.de\/2017-de\/wp-json\/wp\/v2\/posts\/408\/revisions"}],"predecessor-version":[{"id":596,"href":"https:\/\/www.grundeinkommen-ist-waehlbar.de\/2017-de\/wp-json\/wp\/v2\/posts\/408\/revisions\/596"}],"wp:attachment":[{"href":"https:\/\/www.grundeinkommen-ist-waehlbar.de\/2017-de\/wp-json\/wp\/v2\/media?parent=408"}],"wp:term":[{"taxonomy":"category","embeddable":true,"href":"https:\/\/www.grundeinkommen-ist-waehlbar.de\/2017-de\/wp-json\/wp\/v2\/categories?post=408"},{"taxonomy":"post_tag","embeddable":true,"href":"https:\/\/www.grundeinkommen-ist-waehlbar.de\/2017-de\/wp-json\/wp\/v2\/tags?post=408"}],"curies":[{"name":"wp","href":"https:\/\/api.w.org\/{rel}","templated":true}]}}