{"id":410,"date":"2017-08-24T10:50:51","date_gmt":"2017-08-24T08:50:51","guid":{"rendered":"https:\/\/www.grundeinkommen-ist-waehlbar.de\/2017-de\/?p=410"},"modified":"2017-09-18T22:57:55","modified_gmt":"2017-09-18T20:57:55","slug":"stefan-mekiffer","status":"publish","type":"post","link":"https:\/\/www.grundeinkommen-ist-waehlbar.de\/2017-de\/stefan-mekiffer\/","title":{"rendered":"Stefan Mekiffer"},"content":{"rendered":"<p>B\u00fcndnis Grundeinkommen (BGE)<\/p>\n<p>Platz 6 auf der Landesliste Berlin<\/p>\n<p>Pers\u00f6nliches Statement:<\/p>\n<p>Das BGE: Ein kleiner Schritt f\u00fcr uns, aber ein gro\u00dfer Schritt f\u00fcr die Menschheit \ud83d\ude00<\/p>\n<p>Zur Person:<\/p>\n<p>Website: <a href=\"http:\/\/stefanmekiffer.de\">http:\/\/stefanmekiffer.de<\/a><\/p>","protected":false},"excerpt":{"rendered":"<p>B\u00fcndnis Grundeinkommen (BGE) Platz 6 auf der Landesliste Berlin Pers\u00f6nliches Statement: Das BGE: Ein kleiner Schritt f\u00fcr uns, aber ein gro\u00dfer Schritt f\u00fcr die Menschheit \ud83d\ude00 Zur Person: Website: http:\/\/stefanmekiffer.de<\/p>\n","protected":false},"author":1,"featured_media":0,"comment_status":"closed","ping_status":"closed","sticky":false,"template":"","format":"standard","meta":{"footnotes":""},"categories":[15,379,57,54],"tags":[],"class_list":["post-410","post","type-post","status-publish","format-standard","hentry","category-berlin","category-listkandidatinnen-berlin","category-buendnis-grundeinkommen","category-listenkandidatin"],"_links":{"self":[{"href":"https:\/\/www.grundeinkommen-ist-waehlbar.de\/2017-de\/wp-json\/wp\/v2\/posts\/410","targetHints":{"allow":["GET"]}}],"collection":[{"href":"https:\/\/www.grundeinkommen-ist-waehlbar.de\/2017-de\/wp-json\/wp\/v2\/posts"}],"about":[{"href":"https:\/\/www.grundeinkommen-ist-waehlbar.de\/2017-de\/wp-json\/wp\/v2\/types\/post"}],"author":[{"embeddable":true,"href":"https:\/\/www.grundeinkommen-ist-waehlbar.de\/2017-de\/wp-json\/wp\/v2\/users\/1"}],"replies":[{"embeddable":true,"href":"https:\/\/www.grundeinkommen-ist-waehlbar.de\/2017-de\/wp-json\/wp\/v2\/comments?post=410"}],"version-history":[{"count":2,"href":"https:\/\/www.grundeinkommen-ist-waehlbar.de\/2017-de\/wp-json\/wp\/v2\/posts\/410\/revisions"}],"predecessor-version":[{"id":595,"href":"https:\/\/www.grundeinkommen-ist-waehlbar.de\/2017-de\/wp-json\/wp\/v2\/posts\/410\/revisions\/595"}],"wp:attachment":[{"href":"https:\/\/www.grundeinkommen-ist-waehlbar.de\/2017-de\/wp-json\/wp\/v2\/media?parent=410"}],"wp:term":[{"taxonomy":"category","embeddable":true,"href":"https:\/\/www.grundeinkommen-ist-waehlbar.de\/2017-de\/wp-json\/wp\/v2\/categories?post=410"},{"taxonomy":"post_tag","embeddable":true,"href":"https:\/\/www.grundeinkommen-ist-waehlbar.de\/2017-de\/wp-json\/wp\/v2\/tags?post=410"}],"curies":[{"name":"wp","href":"https:\/\/api.w.org\/{rel}","templated":true}]}}