{"id":418,"date":"2017-08-24T11:50:28","date_gmt":"2017-08-24T09:50:28","guid":{"rendered":"https:\/\/www.grundeinkommen-ist-waehlbar.de\/2017-de\/?p=418"},"modified":"2017-08-27T08:35:07","modified_gmt":"2017-08-27T06:35:07","slug":"thomas-dyhr","status":"publish","type":"post","link":"https:\/\/www.grundeinkommen-ist-waehlbar.de\/2017-de\/thomas-dyhr\/","title":{"rendered":"Thomas Dyhr"},"content":{"rendered":"<p><a href=\"https:\/\/www.grundeinkommen-ist-waehlbar.de\/2017-de\/wp-content\/uploads\/sites\/3\/2017\/08\/D3A_1019-beschnitt-e1503594165599.jpg\"><img decoding=\"async\" src=\"https:\/\/www.grundeinkommen-ist-waehlbar.de\/2017-de\/wp-content\/uploads\/sites\/3\/2017\/08\/D3A_1019-beschnitt-e1503594165599-183x300.jpg\" width=\"250px\" height=\"300\" alt=\"D3A_1019 beschnitt\" style=\"display:inline-block\" \/><\/a> <\/p><p>B\u00fcndnis90\/Die Gr\u00fcnen<\/p>\n<p>Wahlkreis 057: Uckermark &#8211; Barnim I<\/p>\n<p>Pers\u00f6nliches Statement:<\/p>\n<p>Die Gesellschaft muss faire Alternativen f\u00fcr die Betroffenen entwickeln, wenn in der Zukunft infolge der Automation wie prognostiziert fast die H\u00e4lfte aller Industriearbeitspl\u00e4tze wegfallen.<\/p>\n<p>Das Grundeinkommen verspricht hier einen gangbaren Weg, solange es nicht als Deckmantel zum Abbau des Sozialstaates missbraucht und solange es auch von der Wirtschaft bezahlt wird.<\/p>\n<p>\u00dcber das &#8222;wie&#8220; muss aber noch gestritten werden. Es darf im Ergebnis nicht sein, dass die Menschen in die Arbeitslosigkeit entlassen werden und die dadurch steigenden Gewinne in privaten Taschen landen. Maschinen kaufen keine Waren und Dienstleistungen.<\/p>\n<p>Zur Person:<\/p>\n<p>59 Jahre alt, Kriminalbeamter von Beruf, Stadtverordneter im Ehrenamt und seit mehr als 8 Jahren f\u00fcr B\u00fcndnis90\/Die Gr\u00fcnen vielf\u00e4ltig aktiv unterwegs.<\/p>\n<p>Website: <a href=\"http:\/\/www.wk57-waehlt-gruen.de\">http:\/\/www.wk57-waehlt-gruen.de<\/a><\/p>","protected":false},"excerpt":{"rendered":"<p>B\u00fcndnis90\/Die Gr\u00fcnen Wahlkreis 057: Uckermark &#8211; Barnim I Pers\u00f6nliches Statement: Die Gesellschaft muss faire Alternativen f\u00fcr die Betroffenen entwickeln, wenn in der Zukunft infolge der Automation wie prognostiziert fast die H\u00e4lfte aller Industriearbeitspl\u00e4tze wegfallen. Das Grundeinkommen verspricht hier einen gangbaren Weg, solange es nicht als Deckmantel zum Abbau des Sozialstaates missbraucht und solange es auch &hellip; <\/p>\n<p class=\"link-more\"><a href=\"https:\/\/www.grundeinkommen-ist-waehlbar.de\/2017-de\/thomas-dyhr\/\" class=\"more-link\"><span class=\"screen-reader-text\">\u201eThomas Dyhr\u201c <\/span>weiterlesen<\/a><\/p>\n","protected":false},"author":1,"featured_media":0,"comment_status":"closed","ping_status":"closed","sticky":false,"template":"","format":"standard","meta":{"footnotes":""},"categories":[13,56,111],"tags":[],"class_list":["post-418","post","type-post","status-publish","format-standard","hentry","category-brandenburg","category-buendnis-90-die-gruenen","category-wahlkreis-057"],"_links":{"self":[{"href":"https:\/\/www.grundeinkommen-ist-waehlbar.de\/2017-de\/wp-json\/wp\/v2\/posts\/418","targetHints":{"allow":["GET"]}}],"collection":[{"href":"https:\/\/www.grundeinkommen-ist-waehlbar.de\/2017-de\/wp-json\/wp\/v2\/posts"}],"about":[{"href":"https:\/\/www.grundeinkommen-ist-waehlbar.de\/2017-de\/wp-json\/wp\/v2\/types\/post"}],"author":[{"embeddable":true,"href":"https:\/\/www.grundeinkommen-ist-waehlbar.de\/2017-de\/wp-json\/wp\/v2\/users\/1"}],"replies":[{"embeddable":true,"href":"https:\/\/www.grundeinkommen-ist-waehlbar.de\/2017-de\/wp-json\/wp\/v2\/comments?post=418"}],"version-history":[{"count":4,"href":"https:\/\/www.grundeinkommen-ist-waehlbar.de\/2017-de\/wp-json\/wp\/v2\/posts\/418\/revisions"}],"predecessor-version":[{"id":591,"href":"https:\/\/www.grundeinkommen-ist-waehlbar.de\/2017-de\/wp-json\/wp\/v2\/posts\/418\/revisions\/591"}],"wp:attachment":[{"href":"https:\/\/www.grundeinkommen-ist-waehlbar.de\/2017-de\/wp-json\/wp\/v2\/media?parent=418"}],"wp:term":[{"taxonomy":"category","embeddable":true,"href":"https:\/\/www.grundeinkommen-ist-waehlbar.de\/2017-de\/wp-json\/wp\/v2\/categories?post=418"},{"taxonomy":"post_tag","embeddable":true,"href":"https:\/\/www.grundeinkommen-ist-waehlbar.de\/2017-de\/wp-json\/wp\/v2\/tags?post=418"}],"curies":[{"name":"wp","href":"https:\/\/api.w.org\/{rel}","templated":true}]}}