{"id":429,"date":"2017-08-24T16:25:03","date_gmt":"2017-08-24T14:25:03","guid":{"rendered":"https:\/\/www.grundeinkommen-ist-waehlbar.de\/2017-de\/?p=429"},"modified":"2017-08-27T08:26:20","modified_gmt":"2017-08-27T06:26:20","slug":"michael-musil","status":"publish","type":"post","link":"https:\/\/www.grundeinkommen-ist-waehlbar.de\/2017-de\/michael-musil\/","title":{"rendered":"Michael Musil"},"content":{"rendered":"<p><a href=\"https:\/\/www.grundeinkommen-ist-waehlbar.de\/2017-de\/wp-content\/uploads\/sites\/3\/2017\/08\/500pxMusii204.png\"><img decoding=\"async\" src=\"https:\/\/www.grundeinkommen-ist-waehlbar.de\/2017-de\/wp-content\/uploads\/sites\/3\/2017\/08\/500pxMusii204.png\" width=\"250px\" height=\"233\" alt=\"500pxMusii204\" style=\"display:inline-block\" \/><\/a> <\/p><p>B\u00fcndnis 90\/Die Gr\u00fcnen<\/p>\n<p>Wahlkreis 204: Montabaur<\/p>\n<p>Pers\u00f6nliches Statement:<\/p>\n<p>Wir praktizieren seit 17 Jahren ein regionales Modell mit monatlichem Grundeinkommen auf Basis einer Komplement\u00e4rw\u00e4hrung!<br \/>\nsiehe www.regio-ww.de<\/p>\n<p>Zur Person:<\/p>\n<p>Jahrgang 1947, verheiratet, keine Kinder und dem urgr\u00fcnen Gedanken verbunden<\/p>\n<p>Website: <a href=\"http:\/\/www.michael-musil.de\">http:\/\/www.michael-musil.de<\/a><\/p>","protected":false},"excerpt":{"rendered":"<p>B\u00fcndnis 90\/Die Gr\u00fcnen Wahlkreis 204: Montabaur Pers\u00f6nliches Statement: Wir praktizieren seit 17 Jahren ein regionales Modell mit monatlichem Grundeinkommen auf Basis einer Komplement\u00e4rw\u00e4hrung! siehe www.regio-ww.de Zur Person: Jahrgang 1947, verheiratet, keine Kinder und dem urgr\u00fcnen Gedanken verbunden Website: http:\/\/www.michael-musil.de<\/p>\n","protected":false},"author":1,"featured_media":0,"comment_status":"closed","ping_status":"closed","sticky":false,"template":"","format":"standard","meta":{"footnotes":""},"categories":[56,20,258],"tags":[],"class_list":["post-429","post","type-post","status-publish","format-standard","hentry","category-buendnis-90-die-gruenen","category-rheinland-pfalz","category-wahlkreis-204"],"_links":{"self":[{"href":"https:\/\/www.grundeinkommen-ist-waehlbar.de\/2017-de\/wp-json\/wp\/v2\/posts\/429","targetHints":{"allow":["GET"]}}],"collection":[{"href":"https:\/\/www.grundeinkommen-ist-waehlbar.de\/2017-de\/wp-json\/wp\/v2\/posts"}],"about":[{"href":"https:\/\/www.grundeinkommen-ist-waehlbar.de\/2017-de\/wp-json\/wp\/v2\/types\/post"}],"author":[{"embeddable":true,"href":"https:\/\/www.grundeinkommen-ist-waehlbar.de\/2017-de\/wp-json\/wp\/v2\/users\/1"}],"replies":[{"embeddable":true,"href":"https:\/\/www.grundeinkommen-ist-waehlbar.de\/2017-de\/wp-json\/wp\/v2\/comments?post=429"}],"version-history":[{"count":3,"href":"https:\/\/www.grundeinkommen-ist-waehlbar.de\/2017-de\/wp-json\/wp\/v2\/posts\/429\/revisions"}],"predecessor-version":[{"id":582,"href":"https:\/\/www.grundeinkommen-ist-waehlbar.de\/2017-de\/wp-json\/wp\/v2\/posts\/429\/revisions\/582"}],"wp:attachment":[{"href":"https:\/\/www.grundeinkommen-ist-waehlbar.de\/2017-de\/wp-json\/wp\/v2\/media?parent=429"}],"wp:term":[{"taxonomy":"category","embeddable":true,"href":"https:\/\/www.grundeinkommen-ist-waehlbar.de\/2017-de\/wp-json\/wp\/v2\/categories?post=429"},{"taxonomy":"post_tag","embeddable":true,"href":"https:\/\/www.grundeinkommen-ist-waehlbar.de\/2017-de\/wp-json\/wp\/v2\/tags?post=429"}],"curies":[{"name":"wp","href":"https:\/\/api.w.org\/{rel}","templated":true}]}}