{"id":437,"date":"2017-08-24T16:28:58","date_gmt":"2017-08-24T14:28:58","guid":{"rendered":"https:\/\/www.grundeinkommen-ist-waehlbar.de\/2017-de\/?p=437"},"modified":"2017-09-16T21:31:19","modified_gmt":"2017-09-16T19:31:19","slug":"roland-panter","status":"publish","type":"post","link":"https:\/\/www.grundeinkommen-ist-waehlbar.de\/2017-de\/roland-panter\/","title":{"rendered":"Roland Panter"},"content":{"rendered":"<p><a href=\"https:\/\/www.grundeinkommen-ist-waehlbar.de\/2017-de\/wp-content\/uploads\/sites\/3\/2017\/08\/roland_panter_Portrait_500px.jpg\"><img decoding=\"async\" src=\"https:\/\/www.grundeinkommen-ist-waehlbar.de\/2017-de\/wp-content\/uploads\/sites\/3\/2017\/08\/roland_panter_Portrait_500px-225x300.jpg\" width=\"250px\" height=\"300\" alt=\"roland_panter_Portrait_500px\" style=\"display:inline-block\" \/><\/a> <\/p><p>B\u00fcndnis 90\/Die Gr\u00fcnen<\/p>\n<p>Wahlkreis 047: Hannover-Land II<br \/>\nPlatz 18 auf der Landesliste Niedersachsen<\/p>\n<p>Pers\u00f6nliches Statement:<\/p>\n<p>Unsere Arbeitsm\u00e4rkte ver\u00e4ndern sich in gro\u00dfer Geschwindigkeit. Die zunehmende Automatisierung reduziert vermutlich die Menge der zur Verf\u00fcgung stehenden Arbeitspl\u00e4tze. Die bleibenden unterteilen sich zudem in wenige gut bezahlte Aufgaben f\u00fcr Spezialisten und in viele einfache und schlecht bezahlte T\u00e4tigkeiten. Viele Menschen werden k\u00fcnftig evtl. keine Arbeit mehr finden. Das erfordert vermutlich eine Neubewertung von Erfolg und dessen Anteil an der Sicherung unserer sozialen Systeme. Damit einher geht die unbedingte Bekenntnis zu allen B\u00fcrger*innen unseres Landes, ganz unabh\u00e4ngig von deren individueller Erwerbst\u00e4tigkeitshistorie.<\/p>\n<p>Mit der Digitalisierung gehen kulturelle Ver\u00e4nderungen einher. Dinge die bisher in Unternehmen und Gesellschaft in eher starren Strukturen organisiert sind, werden k\u00fcnftig \u00fcber flexible Netzwerke organisiert. Das erfordert andere Herangehensweisen an L\u00f6sungen, auch in der Politik. Wir m\u00fcssen schneller, vernetzter, verbindlicher und anpassungsf\u00e4higer werden. Wir m\u00fcssen wieder lernen mehr Verantwortung f\u00fcr uns zu tragen. Gleiches gilt f\u00fcr unsere Medien. Die stehen gerade mitten in einer Glaubw\u00fcrdigkeitsdiskussion, einem ebenfalls massiven Kulturwandel. Diese Phase der Unsicherheit nutzen die zerst\u00f6rerischen Kr\u00e4fte der Rechten und bringen gro\u00dfe Unruhe in unser Land. Dagegen brauchen wir umfassende Aufkl\u00e4rung, zeitgem\u00e4\u00dfe Bildungskonzepte und einen Aufstand der Anst\u00e4ndigen.<\/p>\n<p>Wir ben\u00f6tigen auch Lernbereitschaft und Offenheit f\u00fcr einen fortw\u00e4hrenden Wandel. Hierf\u00fcr bedarf es Rahmenbedingungen, die unserer Gesellschaft Zuversicht und Sicherheit geben. Dazu z\u00e4hle ich einen transparenten und vertrauensw\u00fcrdigen Umgang mit unseren Daten. Aber auch eine Perspektive bei Sinnstiftung und Lebensqualit\u00e4t, wie sie ein Grundeinkommen bieten kann.<\/p>\n<p>Zur Person:<\/p>\n<p>Roland Panter, 43, verheiratet, Kind, Hund, immer online, aus Niedersachsen.<\/p>\n<p>Website: <a href=\"http:\/\/www.gruener-panter.de\">http:\/\/www.gruener-panter.de<\/a><\/p>","protected":false},"excerpt":{"rendered":"<p>B\u00fcndnis 90\/Die Gr\u00fcnen Wahlkreis 047: Hannover-Land II Platz 18 auf der Landesliste Niedersachsen Pers\u00f6nliches Statement: Unsere Arbeitsm\u00e4rkte ver\u00e4ndern sich in gro\u00dfer Geschwindigkeit. Die zunehmende Automatisierung reduziert vermutlich die Menge der zur Verf\u00fcgung stehenden Arbeitspl\u00e4tze. Die bleibenden unterteilen sich zudem in wenige gut bezahlte Aufgaben f\u00fcr Spezialisten und in viele einfache und schlecht bezahlte T\u00e4tigkeiten. Viele &hellip; <\/p>\n<p class=\"link-more\"><a href=\"https:\/\/www.grundeinkommen-ist-waehlbar.de\/2017-de\/roland-panter\/\" class=\"more-link\"><span class=\"screen-reader-text\">\u201eRoland Panter\u201c <\/span>weiterlesen<\/a><\/p>\n","protected":false},"author":1,"featured_media":0,"comment_status":"closed","ping_status":"closed","sticky":false,"template":"","format":"standard","meta":{"footnotes":""},"categories":[56,11,385,101],"tags":[],"class_list":["post-437","post","type-post","status-publish","format-standard","hentry","category-buendnis-90-die-gruenen","category-niedersachsen","category-listkandidatinnen-niedersachsen","category-wahlkreis-047"],"_links":{"self":[{"href":"https:\/\/www.grundeinkommen-ist-waehlbar.de\/2017-de\/wp-json\/wp\/v2\/posts\/437","targetHints":{"allow":["GET"]}}],"collection":[{"href":"https:\/\/www.grundeinkommen-ist-waehlbar.de\/2017-de\/wp-json\/wp\/v2\/posts"}],"about":[{"href":"https:\/\/www.grundeinkommen-ist-waehlbar.de\/2017-de\/wp-json\/wp\/v2\/types\/post"}],"author":[{"embeddable":true,"href":"https:\/\/www.grundeinkommen-ist-waehlbar.de\/2017-de\/wp-json\/wp\/v2\/users\/1"}],"replies":[{"embeddable":true,"href":"https:\/\/www.grundeinkommen-ist-waehlbar.de\/2017-de\/wp-json\/wp\/v2\/comments?post=437"}],"version-history":[{"count":3,"href":"https:\/\/www.grundeinkommen-ist-waehlbar.de\/2017-de\/wp-json\/wp\/v2\/posts\/437\/revisions"}],"predecessor-version":[{"id":578,"href":"https:\/\/www.grundeinkommen-ist-waehlbar.de\/2017-de\/wp-json\/wp\/v2\/posts\/437\/revisions\/578"}],"wp:attachment":[{"href":"https:\/\/www.grundeinkommen-ist-waehlbar.de\/2017-de\/wp-json\/wp\/v2\/media?parent=437"}],"wp:term":[{"taxonomy":"category","embeddable":true,"href":"https:\/\/www.grundeinkommen-ist-waehlbar.de\/2017-de\/wp-json\/wp\/v2\/categories?post=437"},{"taxonomy":"post_tag","embeddable":true,"href":"https:\/\/www.grundeinkommen-ist-waehlbar.de\/2017-de\/wp-json\/wp\/v2\/tags?post=437"}],"curies":[{"name":"wp","href":"https:\/\/api.w.org\/{rel}","templated":true}]}}