{"id":439,"date":"2017-08-24T16:27:52","date_gmt":"2017-08-24T14:27:52","guid":{"rendered":"https:\/\/www.grundeinkommen-ist-waehlbar.de\/2017-de\/?p=439"},"modified":"2017-09-16T21:31:31","modified_gmt":"2017-09-16T19:31:31","slug":"frank-diefenbach","status":"publish","type":"post","link":"https:\/\/www.grundeinkommen-ist-waehlbar.de\/2017-de\/frank-diefenbach\/","title":{"rendered":"Frank Diefenbach"},"content":{"rendered":"<p><a href=\"https:\/\/www.grundeinkommen-ist-waehlbar.de\/2017-de\/wp-content\/uploads\/sites\/3\/2017\/08\/Komm.Wahl2016.jpg\"><img decoding=\"async\" src=\"https:\/\/www.grundeinkommen-ist-waehlbar.de\/2017-de\/wp-content\/uploads\/sites\/3\/2017\/08\/Komm.Wahl2016-270x300.jpg\" width=\"250px\" height=\"300\" alt=\"Komm.Wahl2016\" style=\"display:inline-block\" \/><\/a> <\/p><p>B\u00fcndnis 90\/Die Gr\u00fcnen<\/p>\n<p>Wahlkreis 187: Odenwald<br \/>\nPlatz 14 auf der Landesliste Hessen<\/p>\n<p>Pers\u00f6nliches Statement:<\/p>\n<p>Ich bef\u00fcrworte die Einf\u00fchrung eines bedingungslosen Grundeinkommens, um allen Menschen &#8222;mehr Luft zum Atmen&#8220; zu verschaffen.<\/p>\n<p>Zur Person:<\/p>\n<p>Website: <a href=\"http:\/\/www.diefenbach-gruene.de\">http:\/\/www.diefenbach-gruene.de<\/a><\/p>","protected":false},"excerpt":{"rendered":"<p>B\u00fcndnis 90\/Die Gr\u00fcnen Wahlkreis 187: Odenwald Platz 14 auf der Landesliste Hessen Pers\u00f6nliches Statement: Ich bef\u00fcrworte die Einf\u00fchrung eines bedingungslosen Grundeinkommens, um allen Menschen &#8222;mehr Luft zum Atmen&#8220; zu verschaffen. Zur Person: Website: http:\/\/www.diefenbach-gruene.de<\/p>\n","protected":false},"author":1,"featured_media":0,"comment_status":"closed","ping_status":"closed","sticky":false,"template":"","format":"standard","meta":{"footnotes":""},"categories":[56,18,383,241],"tags":[],"class_list":["post-439","post","type-post","status-publish","format-standard","hentry","category-buendnis-90-die-gruenen","category-hessen","category-listkandidatinnen-hessen","category-wahlkreis-187"],"_links":{"self":[{"href":"https:\/\/www.grundeinkommen-ist-waehlbar.de\/2017-de\/wp-json\/wp\/v2\/posts\/439","targetHints":{"allow":["GET"]}}],"collection":[{"href":"https:\/\/www.grundeinkommen-ist-waehlbar.de\/2017-de\/wp-json\/wp\/v2\/posts"}],"about":[{"href":"https:\/\/www.grundeinkommen-ist-waehlbar.de\/2017-de\/wp-json\/wp\/v2\/types\/post"}],"author":[{"embeddable":true,"href":"https:\/\/www.grundeinkommen-ist-waehlbar.de\/2017-de\/wp-json\/wp\/v2\/users\/1"}],"replies":[{"embeddable":true,"href":"https:\/\/www.grundeinkommen-ist-waehlbar.de\/2017-de\/wp-json\/wp\/v2\/comments?post=439"}],"version-history":[{"count":3,"href":"https:\/\/www.grundeinkommen-ist-waehlbar.de\/2017-de\/wp-json\/wp\/v2\/posts\/439\/revisions"}],"predecessor-version":[{"id":580,"href":"https:\/\/www.grundeinkommen-ist-waehlbar.de\/2017-de\/wp-json\/wp\/v2\/posts\/439\/revisions\/580"}],"wp:attachment":[{"href":"https:\/\/www.grundeinkommen-ist-waehlbar.de\/2017-de\/wp-json\/wp\/v2\/media?parent=439"}],"wp:term":[{"taxonomy":"category","embeddable":true,"href":"https:\/\/www.grundeinkommen-ist-waehlbar.de\/2017-de\/wp-json\/wp\/v2\/categories?post=439"},{"taxonomy":"post_tag","embeddable":true,"href":"https:\/\/www.grundeinkommen-ist-waehlbar.de\/2017-de\/wp-json\/wp\/v2\/tags?post=439"}],"curies":[{"name":"wp","href":"https:\/\/api.w.org\/{rel}","templated":true}]}}