{"id":451,"date":"2017-08-24T19:00:29","date_gmt":"2017-08-24T17:00:29","guid":{"rendered":"https:\/\/www.grundeinkommen-ist-waehlbar.de\/2017-de\/?p=451"},"modified":"2017-09-16T21:30:05","modified_gmt":"2017-09-16T19:30:05","slug":"stephan-rauhut","status":"publish","type":"post","link":"https:\/\/www.grundeinkommen-ist-waehlbar.de\/2017-de\/stephan-rauhut\/","title":{"rendered":"Stephan Rauhut"},"content":{"rendered":"<p><a href=\"https:\/\/www.grundeinkommen-ist-waehlbar.de\/2017-de\/wp-content\/uploads\/sites\/3\/2017\/08\/BGE-Kandidatenfoto.jpg\"><img decoding=\"async\" src=\"https:\/\/www.grundeinkommen-ist-waehlbar.de\/2017-de\/wp-content\/uploads\/sites\/3\/2017\/08\/BGE-Kandidatenfoto-300x300.jpg\" width=\"250px\" height=\"300\" alt=\"BGE Kandidatenfoto\" style=\"display:inline-block\" \/><\/a> <\/p><p>DIE LINKE<\/p>\n<p>Wahlkreis 075: Berlin-Mitte<br \/>\nPlatz 8 der Landesliste Berlin<\/p>\n<p>Pers\u00f6nliches Statement:<\/p>\n<p>Das bedingungslose Grundeinkommen wird meines Erachtens unvermeidlich kommen und das finde ich richtig. Wir brauchen einen neuen Begriff von Arbeit im 21. Jahrhundert. Einerseits k\u00f6nnen wir weniger arbeiten, wenn Roboter, Software und Kommunikations- und Transportgeschwindigkeit Arbeitskr\u00e4fte \u201efreistellen\u201c. Andererseits m\u00fcssen wir auch weniger arbeiten, damit dadurch keine unkontrollierbare Arbeitslosigkeit entsteht. Die Industrie 4.0 muss zwingend einhergehen mit einem Sozialstaat 4.0. Und der bedeutet B\u00fcrgerversicherung, Verk\u00fcrzung des Erwerbslebens und der Wochenarbeitszeit und bedingungsloses Grundeinkommen. Damit kann Armut und Ausgrenzung bek\u00e4mpft und ein Weg zu nicht entfremdeter Arbeit geebnet werden. DIE LINKE diskutiert die Frage der unmittelbaren Einf\u00fchrbarkeit des Grundeinkommens lebhaft und informiert. Im Wahlprogramm fordern wir die Einsetzung einer Enquete-Kommission zu dieser Frage.<\/p>\n<p>Ich pers\u00f6nlich bin seit meiner Zeit in der Luftfahrt ein Bef\u00fcrworter des BGE. Die Wirtschaftlichkeit und die Chance, damit gesellschaftliche Potentiale freizusetzen, die unter den derzeitigen Bedingungen unterdr\u00fcckt werden, halte ich f\u00fcr sehr wahrscheinlich. Daher werde ich mich politisch stets f\u00fcr diese Idee einsetzen.<\/p>\n<p>Ich wurde im Jahr 1972 geboren und wuchs als mittleres von sieben Kindern in einfachen Verh\u00e4ltnissen in Hamburg auf. Nach meinem Ingenieursstudium arbeitete ich \u00fcber Jahre erfolgreich im Management f\u00fcr ein gro\u00dfes deutsches Luftfahrtunternehmen. 2004 gab ich meinem Leben mit einem zweiten Studium im Fach Theologie eine neue Richtung. Seit 2009 arbeite ich mit Freundinnen und Freunden aktiv daran, den Campus der Reformationskirche im Berliner Beusselkiez von einem Ensemble leerstehender Geb\u00e4ude zu einem Ort der Begegnung vielf\u00e4ltiger Kulturen zu machen. 2016 kandidierte ich als parteiloser Kandidat f\u00fcr DIE LINKE bei der Abgeordnetenhauswahl und nun trete ich als Parteimitglied f\u00fcr DIE LINKE als Direktkandidat in Berlin-Mitte (Wahlkreis 75) an.<\/p>\n<p>Website: <a href=\"http:\/\/www.stephan-rauhut.de\">http:\/\/www.stephan-rauhut.de<\/a><\/p>","protected":false},"excerpt":{"rendered":"<p>DIE LINKE Wahlkreis 075: Berlin-Mitte Platz 8 der Landesliste Berlin Pers\u00f6nliches Statement: Das bedingungslose Grundeinkommen wird meines Erachtens unvermeidlich kommen und das finde ich richtig. Wir brauchen einen neuen Begriff von Arbeit im 21. Jahrhundert. Einerseits k\u00f6nnen wir weniger arbeiten, wenn Roboter, Software und Kommunikations- und Transportgeschwindigkeit Arbeitskr\u00e4fte \u201efreistellen\u201c. Andererseits m\u00fcssen wir auch weniger arbeiten, &hellip; <\/p>\n<p class=\"link-more\"><a href=\"https:\/\/www.grundeinkommen-ist-waehlbar.de\/2017-de\/stephan-rauhut\/\" class=\"more-link\"><span class=\"screen-reader-text\">\u201eStephan Rauhut\u201c <\/span>weiterlesen<\/a><\/p>\n","protected":false},"author":1,"featured_media":0,"comment_status":"closed","ping_status":"closed","sticky":false,"template":"","format":"standard","meta":{"footnotes":""},"categories":[15,379,60,129],"tags":[],"class_list":["post-451","post","type-post","status-publish","format-standard","hentry","category-berlin","category-listkandidatinnen-berlin","category-die-linke","category-wahlkreis-075"],"_links":{"self":[{"href":"https:\/\/www.grundeinkommen-ist-waehlbar.de\/2017-de\/wp-json\/wp\/v2\/posts\/451","targetHints":{"allow":["GET"]}}],"collection":[{"href":"https:\/\/www.grundeinkommen-ist-waehlbar.de\/2017-de\/wp-json\/wp\/v2\/posts"}],"about":[{"href":"https:\/\/www.grundeinkommen-ist-waehlbar.de\/2017-de\/wp-json\/wp\/v2\/types\/post"}],"author":[{"embeddable":true,"href":"https:\/\/www.grundeinkommen-ist-waehlbar.de\/2017-de\/wp-json\/wp\/v2\/users\/1"}],"replies":[{"embeddable":true,"href":"https:\/\/www.grundeinkommen-ist-waehlbar.de\/2017-de\/wp-json\/wp\/v2\/comments?post=451"}],"version-history":[{"count":4,"href":"https:\/\/www.grundeinkommen-ist-waehlbar.de\/2017-de\/wp-json\/wp\/v2\/posts\/451\/revisions"}],"predecessor-version":[{"id":864,"href":"https:\/\/www.grundeinkommen-ist-waehlbar.de\/2017-de\/wp-json\/wp\/v2\/posts\/451\/revisions\/864"}],"wp:attachment":[{"href":"https:\/\/www.grundeinkommen-ist-waehlbar.de\/2017-de\/wp-json\/wp\/v2\/media?parent=451"}],"wp:term":[{"taxonomy":"category","embeddable":true,"href":"https:\/\/www.grundeinkommen-ist-waehlbar.de\/2017-de\/wp-json\/wp\/v2\/categories?post=451"},{"taxonomy":"post_tag","embeddable":true,"href":"https:\/\/www.grundeinkommen-ist-waehlbar.de\/2017-de\/wp-json\/wp\/v2\/tags?post=451"}],"curies":[{"name":"wp","href":"https:\/\/api.w.org\/{rel}","templated":true}]}}