{"id":457,"date":"2017-08-24T21:56:33","date_gmt":"2017-08-24T19:56:33","guid":{"rendered":"https:\/\/www.grundeinkommen-ist-waehlbar.de\/2017-de\/?p=457"},"modified":"2017-08-31T15:16:37","modified_gmt":"2017-08-31T13:16:37","slug":"klemens-kowalski","status":"publish","type":"post","link":"https:\/\/www.grundeinkommen-ist-waehlbar.de\/2017-de\/klemens-kowalski\/","title":{"rendered":"Klemens Kowalski"},"content":{"rendered":"<p><a href=\"https:\/\/www.grundeinkommen-ist-waehlbar.de\/2017-de\/wp-content\/uploads\/sites\/3\/2017\/08\/kowalski-2017_3.png\"><img decoding=\"async\" src=\"https:\/\/www.grundeinkommen-ist-waehlbar.de\/2017-de\/wp-content\/uploads\/sites\/3\/2017\/08\/kowalski-2017_3-300x300.png\" width=\"250px\" height=\"300\" alt=\"kowalski-2017_3\" style=\"display:inline-block\" \/><\/a> <\/p><p>DIE LINKE<\/p>\n<p>Wahlkreis 030: Stade I &#8211; Rotenburg II<\/p>\n<p>Pers\u00f6nliches Statement:<\/p>\n<p>Das Grundeinkommen ist eine durchaus utopische Forderung, die wir aber mit Leben f\u00fcllen k\u00f6nnen. Ich habe keine Angst vor diesem Experiment und unterst\u00fctze es, da wir auf einen Schlag Armuts- und Ausbeutungsprobleme im Land beseitigen k\u00f6nnen.<\/p>\n<p>Zur Person:<\/p>\n<p>http:\/\/klemenskowalski.de<\/p>\n<p>Website: <a href=\"http:\/\/klemenskowalski.de%20\">http:\/\/klemenskowalski.de%20<\/a><\/p>","protected":false},"excerpt":{"rendered":"<p>DIE LINKE Wahlkreis 030: Stade I &#8211; Rotenburg II Pers\u00f6nliches Statement: Das Grundeinkommen ist eine durchaus utopische Forderung, die wir aber mit Leben f\u00fcllen k\u00f6nnen. Ich habe keine Angst vor diesem Experiment und unterst\u00fctze es, da wir auf einen Schlag Armuts- und Ausbeutungsprobleme im Land beseitigen k\u00f6nnen. Zur Person: http:\/\/klemenskowalski.de Website: http:\/\/klemenskowalski.de%20<\/p>\n","protected":false},"author":1,"featured_media":0,"comment_status":"closed","ping_status":"closed","sticky":false,"template":"","format":"standard","meta":{"footnotes":""},"categories":[60,11,84],"tags":[],"class_list":["post-457","post","type-post","status-publish","format-standard","hentry","category-die-linke","category-niedersachsen","category-wahlkreis-030"],"_links":{"self":[{"href":"https:\/\/www.grundeinkommen-ist-waehlbar.de\/2017-de\/wp-json\/wp\/v2\/posts\/457","targetHints":{"allow":["GET"]}}],"collection":[{"href":"https:\/\/www.grundeinkommen-ist-waehlbar.de\/2017-de\/wp-json\/wp\/v2\/posts"}],"about":[{"href":"https:\/\/www.grundeinkommen-ist-waehlbar.de\/2017-de\/wp-json\/wp\/v2\/types\/post"}],"author":[{"embeddable":true,"href":"https:\/\/www.grundeinkommen-ist-waehlbar.de\/2017-de\/wp-json\/wp\/v2\/users\/1"}],"replies":[{"embeddable":true,"href":"https:\/\/www.grundeinkommen-ist-waehlbar.de\/2017-de\/wp-json\/wp\/v2\/comments?post=457"}],"version-history":[{"count":4,"href":"https:\/\/www.grundeinkommen-ist-waehlbar.de\/2017-de\/wp-json\/wp\/v2\/posts\/457\/revisions"}],"predecessor-version":[{"id":863,"href":"https:\/\/www.grundeinkommen-ist-waehlbar.de\/2017-de\/wp-json\/wp\/v2\/posts\/457\/revisions\/863"}],"wp:attachment":[{"href":"https:\/\/www.grundeinkommen-ist-waehlbar.de\/2017-de\/wp-json\/wp\/v2\/media?parent=457"}],"wp:term":[{"taxonomy":"category","embeddable":true,"href":"https:\/\/www.grundeinkommen-ist-waehlbar.de\/2017-de\/wp-json\/wp\/v2\/categories?post=457"},{"taxonomy":"post_tag","embeddable":true,"href":"https:\/\/www.grundeinkommen-ist-waehlbar.de\/2017-de\/wp-json\/wp\/v2\/tags?post=457"}],"curies":[{"name":"wp","href":"https:\/\/api.w.org\/{rel}","templated":true}]}}