{"id":466,"date":"2017-08-25T10:06:24","date_gmt":"2017-08-25T08:06:24","guid":{"rendered":"https:\/\/www.grundeinkommen-ist-waehlbar.de\/2017-de\/?p=466"},"modified":"2017-09-16T21:29:06","modified_gmt":"2017-09-16T19:29:06","slug":"johannes-hanel","status":"publish","type":"post","link":"https:\/\/www.grundeinkommen-ist-waehlbar.de\/2017-de\/johannes-hanel\/","title":{"rendered":"Johannes Hanel"},"content":{"rendered":"<p><a href=\"https:\/\/www.grundeinkommen-ist-waehlbar.de\/2017-de\/wp-content\/uploads\/sites\/3\/2017\/08\/teacher_johannes_-hanel_wartburg_international_school_eisenach.jpg\"><img decoding=\"async\" src=\"https:\/\/www.grundeinkommen-ist-waehlbar.de\/2017-de\/wp-content\/uploads\/sites\/3\/2017\/08\/teacher_johannes_-hanel_wartburg_international_school_eisenach.jpg\" width=\"250px\" height=\"188\" alt=\"teacher_johannes_ hanel_wartburg_international_school_eisenach\" style=\"display:inline-block\" \/><\/a> <\/p><p>B\u00fcndnis Grundeinkommen (BGE)<\/p>\n<p>Listenkandidat (Platz 3) in Th\u00fcringen<\/p>\n<p>Pers\u00f6nliches Statement:<\/p>\n<p>Nur wenn ich nicht Angst haben muss, zu frieren und zu hungern, wenn ich krank oder arbeitslos werde, kann ich meine Grundrechte wahrnehmen. Das bedingungslose Grundeinkommen ist daher die materielle Voraussetzung von Demokratie, Rechtsstaat und Menschenrechten. Hartz IV vergiftet die politische Kultur.<\/p>\n<p>Zur Person:<\/p>\n<p>Als Schulgr\u00fcnder setze ich mich daf\u00fcr ein, dass die gesellschaftswissenschaftlichen F\u00e4cher das gleiche Gewicht erhalten wie die geistes- und naturwissenschaftlichen F\u00e4cher. Ich studierte in den USA, Frankreich und Deutschland, promovierte in Wirtschaftswissenschaften in den Niederlanden und war lange an Waldorfschulen als Lehrer und Gesch\u00e4ftsf\u00fchrer t\u00e4tig. Seit meiner Jugend engagiere ich mich f\u00fcr die Dreigliederung des sozialen Organismus, das hei\u00dft f\u00fcr die saubere Trennung von Staat und Wirtschaft durch in der B\u00fcrgergesellschaft gest\u00e4rkte Individuen.<\/p>\n<p>Website: <a href=\"http:\/\/www.buendnis-grundeinkommen.de\/\">http:\/\/www.buendnis-grundeinkommen.de\/<\/a><\/p>","protected":false},"excerpt":{"rendered":"<p>B\u00fcndnis Grundeinkommen (BGE) Listenkandidat (Platz 3) in Th\u00fcringen Pers\u00f6nliches Statement: Nur wenn ich nicht Angst haben muss, zu frieren und zu hungern, wenn ich krank oder arbeitslos werde, kann ich meine Grundrechte wahrnehmen. Das bedingungslose Grundeinkommen ist daher die materielle Voraussetzung von Demokratie, Rechtsstaat und Menschenrechten. Hartz IV vergiftet die politische Kultur. Zur Person: Als &hellip; <\/p>\n<p class=\"link-more\"><a href=\"https:\/\/www.grundeinkommen-ist-waehlbar.de\/2017-de\/johannes-hanel\/\" class=\"more-link\"><span class=\"screen-reader-text\">\u201eJohannes Hanel\u201c <\/span>weiterlesen<\/a><\/p>\n","protected":false},"author":1,"featured_media":0,"comment_status":"closed","ping_status":"closed","sticky":false,"template":"","format":"standard","meta":{"footnotes":""},"categories":[57,360,392],"tags":[],"class_list":["post-466","post","type-post","status-publish","format-standard","hentry","category-buendnis-grundeinkommen","category-thueringen","category-listkandidatinnen-thueringen"],"_links":{"self":[{"href":"https:\/\/www.grundeinkommen-ist-waehlbar.de\/2017-de\/wp-json\/wp\/v2\/posts\/466","targetHints":{"allow":["GET"]}}],"collection":[{"href":"https:\/\/www.grundeinkommen-ist-waehlbar.de\/2017-de\/wp-json\/wp\/v2\/posts"}],"about":[{"href":"https:\/\/www.grundeinkommen-ist-waehlbar.de\/2017-de\/wp-json\/wp\/v2\/types\/post"}],"author":[{"embeddable":true,"href":"https:\/\/www.grundeinkommen-ist-waehlbar.de\/2017-de\/wp-json\/wp\/v2\/users\/1"}],"replies":[{"embeddable":true,"href":"https:\/\/www.grundeinkommen-ist-waehlbar.de\/2017-de\/wp-json\/wp\/v2\/comments?post=466"}],"version-history":[{"count":3,"href":"https:\/\/www.grundeinkommen-ist-waehlbar.de\/2017-de\/wp-json\/wp\/v2\/posts\/466\/revisions"}],"predecessor-version":[{"id":561,"href":"https:\/\/www.grundeinkommen-ist-waehlbar.de\/2017-de\/wp-json\/wp\/v2\/posts\/466\/revisions\/561"}],"wp:attachment":[{"href":"https:\/\/www.grundeinkommen-ist-waehlbar.de\/2017-de\/wp-json\/wp\/v2\/media?parent=466"}],"wp:term":[{"taxonomy":"category","embeddable":true,"href":"https:\/\/www.grundeinkommen-ist-waehlbar.de\/2017-de\/wp-json\/wp\/v2\/categories?post=466"},{"taxonomy":"post_tag","embeddable":true,"href":"https:\/\/www.grundeinkommen-ist-waehlbar.de\/2017-de\/wp-json\/wp\/v2\/tags?post=466"}],"curies":[{"name":"wp","href":"https:\/\/api.w.org\/{rel}","templated":true}]}}