{"id":494,"date":"2017-08-25T14:38:58","date_gmt":"2017-08-25T12:38:58","guid":{"rendered":"https:\/\/www.grundeinkommen-ist-waehlbar.de\/2017-de\/?p=494"},"modified":"2017-09-16T21:26:46","modified_gmt":"2017-09-16T19:26:46","slug":"sascha-mueller","status":"publish","type":"post","link":"https:\/\/www.grundeinkommen-ist-waehlbar.de\/2017-de\/sascha-mueller\/","title":{"rendered":"Sascha M\u00fcller"},"content":{"rendered":"<p><a href=\"https:\/\/www.grundeinkommen-ist-waehlbar.de\/2017-de\/wp-content\/uploads\/sites\/3\/2017\/08\/IMG_0628_klein.jpg\"><img decoding=\"async\" src=\"https:\/\/www.grundeinkommen-ist-waehlbar.de\/2017-de\/wp-content\/uploads\/sites\/3\/2017\/08\/IMG_0628_klein-287x300.jpg\" width=\"250px\" height=\"300\" alt=\"IMG_0628_klein\" style=\"display:inline-block\" \/><\/a> <\/p><p>B\u00fcndnis 90\/Die Gr\u00fcnen<\/p>\n<p>Wahlkreis 245: N\u00fcrnberg-S\u00fcd\/Schwabach<br \/>\nPlatz 16 auf der Landesliste Bayern<\/p>\n<p>Pers\u00f6nliches Statement:<\/p>\n<p>Ich w\u00fcnsche mir eine breite Debatte \u00fcber den Sozialstaat der Zukunft. Wie in anderen L\u00e4ndern sollten auch in Deutschland Ideen wie ein Grundeinkommen oder eine negative Einkommensteuer getestet werden. Die sozialen Sicherungssysteme m\u00fcssen m\u00f6glichst unb\u00fcrokratisch sein und den auf Hilfe Angewiesenen ihre W\u00fcrde lassen.<\/p>\n<p>Zur Person:<\/p>\n<p>47 Jahre, Sportjournalist, Schatzmeister B\u00dcNDNIS 90\/DIE GR\u00dcNEN Bayern<\/p>\n<p>Website: <a href=\"http:\/\/www.mueller-sascha.de\">http:\/\/www.mueller-sascha.de<\/a><\/p>","protected":false},"excerpt":{"rendered":"<p>B\u00fcndnis 90\/Die Gr\u00fcnen Wahlkreis 245: N\u00fcrnberg-S\u00fcd\/Schwabach Platz 16 auf der Landesliste Bayern Pers\u00f6nliches Statement: Ich w\u00fcnsche mir eine breite Debatte \u00fcber den Sozialstaat der Zukunft. Wie in anderen L\u00e4ndern sollten auch in Deutschland Ideen wie ein Grundeinkommen oder eine negative Einkommensteuer getestet werden. Die sozialen Sicherungssysteme m\u00fcssen m\u00f6glichst unb\u00fcrokratisch sein und den auf Hilfe Angewiesenen &hellip; <\/p>\n<p class=\"link-more\"><a href=\"https:\/\/www.grundeinkommen-ist-waehlbar.de\/2017-de\/sascha-mueller\/\" class=\"more-link\"><span class=\"screen-reader-text\">\u201eSascha M\u00fcller\u201c <\/span>weiterlesen<\/a><\/p>\n","protected":false},"author":1,"featured_media":0,"comment_status":"closed","ping_status":"closed","sticky":false,"template":"","format":"standard","meta":{"footnotes":""},"categories":[21,378,56,299],"tags":[],"class_list":["post-494","post","type-post","status-publish","format-standard","hentry","category-bayern","category-listkandidatinnen-bayern","category-buendnis-90-die-gruenen","category-wahlkreis-245"],"_links":{"self":[{"href":"https:\/\/www.grundeinkommen-ist-waehlbar.de\/2017-de\/wp-json\/wp\/v2\/posts\/494","targetHints":{"allow":["GET"]}}],"collection":[{"href":"https:\/\/www.grundeinkommen-ist-waehlbar.de\/2017-de\/wp-json\/wp\/v2\/posts"}],"about":[{"href":"https:\/\/www.grundeinkommen-ist-waehlbar.de\/2017-de\/wp-json\/wp\/v2\/types\/post"}],"author":[{"embeddable":true,"href":"https:\/\/www.grundeinkommen-ist-waehlbar.de\/2017-de\/wp-json\/wp\/v2\/users\/1"}],"replies":[{"embeddable":true,"href":"https:\/\/www.grundeinkommen-ist-waehlbar.de\/2017-de\/wp-json\/wp\/v2\/comments?post=494"}],"version-history":[{"count":3,"href":"https:\/\/www.grundeinkommen-ist-waehlbar.de\/2017-de\/wp-json\/wp\/v2\/posts\/494\/revisions"}],"predecessor-version":[{"id":538,"href":"https:\/\/www.grundeinkommen-ist-waehlbar.de\/2017-de\/wp-json\/wp\/v2\/posts\/494\/revisions\/538"}],"wp:attachment":[{"href":"https:\/\/www.grundeinkommen-ist-waehlbar.de\/2017-de\/wp-json\/wp\/v2\/media?parent=494"}],"wp:term":[{"taxonomy":"category","embeddable":true,"href":"https:\/\/www.grundeinkommen-ist-waehlbar.de\/2017-de\/wp-json\/wp\/v2\/categories?post=494"},{"taxonomy":"post_tag","embeddable":true,"href":"https:\/\/www.grundeinkommen-ist-waehlbar.de\/2017-de\/wp-json\/wp\/v2\/tags?post=494"}],"curies":[{"name":"wp","href":"https:\/\/api.w.org\/{rel}","templated":true}]}}