{"id":502,"date":"2017-08-25T17:48:16","date_gmt":"2017-08-25T15:48:16","guid":{"rendered":"https:\/\/www.grundeinkommen-ist-waehlbar.de\/2017-de\/?p=502"},"modified":"2017-09-16T21:26:35","modified_gmt":"2017-09-16T19:26:35","slug":"susanne-wiest","status":"publish","type":"post","link":"https:\/\/www.grundeinkommen-ist-waehlbar.de\/2017-de\/susanne-wiest\/","title":{"rendered":"Susanne Wiest"},"content":{"rendered":"<p><a href=\"https:\/\/www.grundeinkommen-ist-waehlbar.de\/2017-de\/wp-content\/uploads\/sites\/3\/2017\/08\/P6280541.jpg\"><img decoding=\"async\" src=\"https:\/\/www.grundeinkommen-ist-waehlbar.de\/2017-de\/wp-content\/uploads\/sites\/3\/2017\/08\/P6280541-284x300.jpg\" width=\"250px\" height=\"300\" alt=\"Version 2\" style=\"display:inline-block\" \/><\/a> <\/p><p>Listenkandidatin vom B\u00fcndnis Grundeinkommen (BGE) in Mecklenburg-Vorpommern \/ Listenplatz 1<\/p>\n<p>Pers\u00f6nliches Statement:<\/p>\n<p>Seit ich Ende 2008 die Petition an den Deutschen Bundestag stellte &#8211; &#8222;der dt. Bundestag m\u00f6ge beschlie\u00dfen das bedingungslose Grundeinkommen einzuf\u00fchren&#8220; -, die von so vielen Menschen unterzeichnet wurde, dass der Server des Bundestags zusammenbrach, engagiere ich mich \u00f6ffentlich f\u00fcr dieses wichtige Thema.<br \/>\nMit der Einf\u00fchrung des bedingungslosen Grundeinkommens von allen f\u00fcr alle, ziehen wir unserer Gesellschaft einen Boden ein, der alle tr\u00e4gt.<br \/>\nWie kommen wir dahin?<br \/>\nIm B\u00fcndnis Grundeinkommen &#8211; BGE &#8211; die Grundeinkommenspartei haben sich viele engagierte Menschen zusammengeschlossen, um das bedingungslose Grundeinkommen bei der Bundestagswahl am 24.09.2017 f\u00fcr alle w\u00e4hlbar zu machen.<br \/>\nDas ist uns gelungen.<br \/>\nDas bedingungslose Grundeinkommen ist nun in allen Bundesl\u00e4ndern w\u00e4hlbar, und alle, die das wollen, k\u00f6nnen mit ihrem Zweitstimmen-Wahlkreuz ein klares Zeichen f\u00fcr dieses wichtige Thema setzen.<br \/>\nUns geht es nicht um die Partei B\u00fcndnis Grundeinkommen, sondern um das Thema \u201eBedingungsloses Grundeinkommen\u201c. Sobald der einzige Parteizweck, die Einf\u00fchrung des bedingungslosen Grundeinkommens, erf\u00fcllt ist, l\u00f6sen wir uns wieder auf. Damit ist klar: Wir wollen keine Posten, wir wollen gesellschaftliche Ver\u00e4nderung. Ohnehin haben wir die Parteiform nur deshalb gew\u00e4hlt, weil es Volksabstimmungen auf Bundesebene noch nicht gibt. Die Einf\u00fchrung solcher Volksabstimmungen ist l\u00e4ngst \u00fcberf\u00e4llig, zeichnet sich aber bisher nicht ab. Bis es so weit ist, erscheint uns unser Wahlangebot \u201eGrundeinkommen ist w\u00e4hlbar\u201c als eine gute und notwendige M\u00f6glichkeit, sich klar zum bedingungslosen Grundeinkommen zu bekennen.<\/p>\n<p>Herzliche Gr\u00fc\u00dfe, Susanne Wiest<br \/>\nBundesvorsitzende, B\u00fcndnis Grundeinkommen<\/p>\n<p>Website: <a href=\"https:\/\/www.buendnis-grundeinkommen.de\">https:\/\/www.buendnis-grundeinkommen.de<\/a><\/p>","protected":false},"excerpt":{"rendered":"<p>Listenkandidatin vom B\u00fcndnis Grundeinkommen (BGE) in Mecklenburg-Vorpommern \/ Listenplatz 1 Pers\u00f6nliches Statement: Seit ich Ende 2008 die Petition an den Deutschen Bundestag stellte &#8211; &#8222;der dt. Bundestag m\u00f6ge beschlie\u00dfen das bedingungslose Grundeinkommen einzuf\u00fchren&#8220; -, die von so vielen Menschen unterzeichnet wurde, dass der Server des Bundestags zusammenbrach, engagiere ich mich \u00f6ffentlich f\u00fcr dieses wichtige Thema. &hellip; <\/p>\n<p class=\"link-more\"><a href=\"https:\/\/www.grundeinkommen-ist-waehlbar.de\/2017-de\/susanne-wiest\/\" class=\"more-link\"><span class=\"screen-reader-text\">\u201eSusanne Wiest\u201c <\/span>weiterlesen<\/a><\/p>\n","protected":false},"author":1,"featured_media":0,"comment_status":"closed","ping_status":"closed","sticky":false,"template":"","format":"standard","meta":{"footnotes":""},"categories":[57,384,9],"tags":[],"class_list":["post-502","post","type-post","status-publish","format-standard","hentry","category-buendnis-grundeinkommen","category-listkandidatinnen-mecklenburg-vorpommern","category-mecklenburg-vorpommern"],"_links":{"self":[{"href":"https:\/\/www.grundeinkommen-ist-waehlbar.de\/2017-de\/wp-json\/wp\/v2\/posts\/502","targetHints":{"allow":["GET"]}}],"collection":[{"href":"https:\/\/www.grundeinkommen-ist-waehlbar.de\/2017-de\/wp-json\/wp\/v2\/posts"}],"about":[{"href":"https:\/\/www.grundeinkommen-ist-waehlbar.de\/2017-de\/wp-json\/wp\/v2\/types\/post"}],"author":[{"embeddable":true,"href":"https:\/\/www.grundeinkommen-ist-waehlbar.de\/2017-de\/wp-json\/wp\/v2\/users\/1"}],"replies":[{"embeddable":true,"href":"https:\/\/www.grundeinkommen-ist-waehlbar.de\/2017-de\/wp-json\/wp\/v2\/comments?post=502"}],"version-history":[{"count":3,"href":"https:\/\/www.grundeinkommen-ist-waehlbar.de\/2017-de\/wp-json\/wp\/v2\/posts\/502\/revisions"}],"predecessor-version":[{"id":507,"href":"https:\/\/www.grundeinkommen-ist-waehlbar.de\/2017-de\/wp-json\/wp\/v2\/posts\/502\/revisions\/507"}],"wp:attachment":[{"href":"https:\/\/www.grundeinkommen-ist-waehlbar.de\/2017-de\/wp-json\/wp\/v2\/media?parent=502"}],"wp:term":[{"taxonomy":"category","embeddable":true,"href":"https:\/\/www.grundeinkommen-ist-waehlbar.de\/2017-de\/wp-json\/wp\/v2\/categories?post=502"},{"taxonomy":"post_tag","embeddable":true,"href":"https:\/\/www.grundeinkommen-ist-waehlbar.de\/2017-de\/wp-json\/wp\/v2\/tags?post=502"}],"curies":[{"name":"wp","href":"https:\/\/api.w.org\/{rel}","templated":true}]}}