{"id":696,"date":"2017-08-27T22:04:59","date_gmt":"2017-08-27T20:04:59","guid":{"rendered":"https:\/\/www.grundeinkommen-ist-waehlbar.de\/2017-de\/?p=696"},"modified":"2017-08-27T22:04:59","modified_gmt":"2017-08-27T20:04:59","slug":"thomas-loeser","status":"publish","type":"post","link":"https:\/\/www.grundeinkommen-ist-waehlbar.de\/2017-de\/thomas-loeser\/","title":{"rendered":"Thomas L\u00f6ser"},"content":{"rendered":"<p><a href=\"https:\/\/www.grundeinkommen-ist-waehlbar.de\/2017-de\/wp-content\/uploads\/sites\/3\/2017\/08\/Download.jpg\"><img decoding=\"async\" src=\"https:\/\/www.grundeinkommen-ist-waehlbar.de\/2017-de\/wp-content\/uploads\/sites\/3\/2017\/08\/Download.jpg\" width=\"250px\" height=\"225\" alt=\"Download\" style=\"display:inline-block\" \/><\/a> <\/p><p>B\u00fcndnis 90\/Gr\u00fcne<\/p>\n<p>Wahlkreis 159: Dresden I<\/p>\n<p>Pers\u00f6nliches Statement:<\/p>\n<p>Unsere Gesellschaft muss heute L\u00f6sungen finden, die zu den Herausforderungen von morgen passen. Das Grundeinkommen ist eine spannende Idee, die zun\u00e4chst in kleinerem Ma\u00dfstab getestet werden sollte. Niemand wei\u00df wirklich, was dabei heraus kommt. Aber alleine die Diskussion dar\u00fcber wird unsere Debatte \u00fcber die Zukunft des Sozialstaates erheblich bereichern. Da bin ich mir sicher.<\/p>\n<p>Ich bin daf\u00fcr, das bedingungslose Grundeinkommen zu erproben.<\/p>\n<p>Zur Person:<\/p>\n<p>geb. 9.2.1972 in Dresden<br \/>\nAbitur Kreuzschule Dresden<br \/>\nStudium Kunstgeschichte\/ Geschichte\/ Diplom Lehramt<br \/>\nt\u00e4tig als Gymnasiallehrer<br \/>\nwohnhaft in Dresden-Johannstadt<br \/>\n3 Kinder<\/p>\n<p>politischer Werdegang:<\/p>\n<p>Mitwirkung in der Welterbebewegung (\u201eWelterbe erhalten\u201c)<br \/>\nStadtrat f\u00fcr B\u00dcNDNIS 90\/DIE GR\u00dcNEN seit 2009<br \/>\nSprecher der Fraktion f\u00fcr Stadtentwicklung und Bau<br \/>\nFraktionsvorsitzender von Januar 2013 bis Oktober 2015 und wieder seit Oktober 2016 (gemeinsam mit Christiane Filius-Jehne)<\/p>\n<p>Website: <a href=\"http:\/\/thomasloeser.de\/\">http:\/\/thomasloeser.de\/<\/a><\/p>","protected":false},"excerpt":{"rendered":"<p>B\u00fcndnis 90\/Gr\u00fcne Wahlkreis 159: Dresden I Pers\u00f6nliches Statement: Unsere Gesellschaft muss heute L\u00f6sungen finden, die zu den Herausforderungen von morgen passen. Das Grundeinkommen ist eine spannende Idee, die zun\u00e4chst in kleinerem Ma\u00dfstab getestet werden sollte. Niemand wei\u00df wirklich, was dabei heraus kommt. Aber alleine die Diskussion dar\u00fcber wird unsere Debatte \u00fcber die Zukunft des Sozialstaates &hellip; <\/p>\n<p class=\"link-more\"><a href=\"https:\/\/www.grundeinkommen-ist-waehlbar.de\/2017-de\/thomas-loeser\/\" class=\"more-link\"><span class=\"screen-reader-text\">\u201eThomas L\u00f6ser\u201c <\/span>weiterlesen<\/a><\/p>\n","protected":false},"author":1,"featured_media":0,"comment_status":"closed","ping_status":"closed","sticky":false,"template":"","format":"standard","meta":{"footnotes":""},"categories":[56,17,213],"tags":[],"class_list":["post-696","post","type-post","status-publish","format-standard","hentry","category-buendnis-90-die-gruenen","category-sachsen","category-wahlkreis-159"],"_links":{"self":[{"href":"https:\/\/www.grundeinkommen-ist-waehlbar.de\/2017-de\/wp-json\/wp\/v2\/posts\/696","targetHints":{"allow":["GET"]}}],"collection":[{"href":"https:\/\/www.grundeinkommen-ist-waehlbar.de\/2017-de\/wp-json\/wp\/v2\/posts"}],"about":[{"href":"https:\/\/www.grundeinkommen-ist-waehlbar.de\/2017-de\/wp-json\/wp\/v2\/types\/post"}],"author":[{"embeddable":true,"href":"https:\/\/www.grundeinkommen-ist-waehlbar.de\/2017-de\/wp-json\/wp\/v2\/users\/1"}],"replies":[{"embeddable":true,"href":"https:\/\/www.grundeinkommen-ist-waehlbar.de\/2017-de\/wp-json\/wp\/v2\/comments?post=696"}],"version-history":[{"count":2,"href":"https:\/\/www.grundeinkommen-ist-waehlbar.de\/2017-de\/wp-json\/wp\/v2\/posts\/696\/revisions"}],"predecessor-version":[{"id":706,"href":"https:\/\/www.grundeinkommen-ist-waehlbar.de\/2017-de\/wp-json\/wp\/v2\/posts\/696\/revisions\/706"}],"wp:attachment":[{"href":"https:\/\/www.grundeinkommen-ist-waehlbar.de\/2017-de\/wp-json\/wp\/v2\/media?parent=696"}],"wp:term":[{"taxonomy":"category","embeddable":true,"href":"https:\/\/www.grundeinkommen-ist-waehlbar.de\/2017-de\/wp-json\/wp\/v2\/categories?post=696"},{"taxonomy":"post_tag","embeddable":true,"href":"https:\/\/www.grundeinkommen-ist-waehlbar.de\/2017-de\/wp-json\/wp\/v2\/tags?post=696"}],"curies":[{"name":"wp","href":"https:\/\/api.w.org\/{rel}","templated":true}]}}