{"id":707,"date":"2017-08-27T23:07:44","date_gmt":"2017-08-27T21:07:44","guid":{"rendered":"https:\/\/www.grundeinkommen-ist-waehlbar.de\/2017-de\/?p=707"},"modified":"2017-09-18T22:54:17","modified_gmt":"2017-09-18T20:54:17","slug":"andreas-hundertmark","status":"publish","type":"post","link":"https:\/\/www.grundeinkommen-ist-waehlbar.de\/2017-de\/andreas-hundertmark\/","title":{"rendered":"Andreas Hundertmark"},"content":{"rendered":"<p><a href=\"https:\/\/www.grundeinkommen-ist-waehlbar.de\/2017-de\/wp-content\/uploads\/sites\/3\/2017\/08\/AndreasHundertmark_500_Pixel.jpg\"><img decoding=\"async\" src=\"https:\/\/www.grundeinkommen-ist-waehlbar.de\/2017-de\/wp-content\/uploads\/sites\/3\/2017\/08\/AndreasHundertmark_500_Pixel-300x264.jpg\" width=\"250px\" height=\"264\" alt=\"AndreasHundertmark_500_Pixel\" style=\"display:inline-block\" \/><\/a> <\/p><p>B\u00fcndnis 90\/Die Gr\u00fcnen<\/p>\n<p>Wahlkreis 190: Eisenach \u2013 Wartburgkreis \u2013 Unstrut-Hainich-Kreis<br \/>\nPlatz 6 der Landesliste Th\u00fcringen<\/p>\n<p>Pers\u00f6nliches Statement:<\/p>\n<p>Als Arbeit wird meist nur Erwerbsarbeit gesehen, obwohl der gr\u00f6\u00dfte Teil der Arbeitsstunden pro Jahr schon heute unentgeltlich geleistet wird. Auch diese Arbeit muss anerkannt werden &#8211; sich lohnen. Die Erwerbsarbeit nimmt mit zunehmender Automatisierung weiter ab. Die Einf\u00fchrung eines Grundeinkommens w\u00fcrde zu mehr Gerechtigkeit und Solidarit\u00e4t in unserer Gesellschaft f\u00fchren. Eine Existenzsicherung, die Anreize schafft, neue Initiativen zu ergreifen und Lebenstr\u00e4ume umzusetzen. Arbeit wird gerechter, besser verteilt und steht nicht mehr so stark im Spannungsfeld der famili\u00e4ren Entwicklung. Arbeitnehmer k\u00f6nnen nicht mehr unmittelbar unter Druck gesetzt werden. Damit entfallen viele Probleme bzgl. Mindestlohn, Lohndumping, Hartz- IV-Aufstockung, Leiharbeit. Ein Grundeinkommen setzt Menschen mit geringem Einkommen in der Lage, am gesellschaftlichen Leben teilzunehmen und sie m\u00fcssten nicht mehr das Gef\u00fchl haben, ausgegrenzt zu sein. Es st\u00e4rkt regionale Verbundenheit, Familien und Vereine.<\/p>\n<p>Zur Person:<\/p>\n<p>44 Jahre, verheiratet, 3 Kinder, Dipl. Ing. Energie- und Verfahrenstechnik<\/p>\n","protected":false},"excerpt":{"rendered":"<p>B\u00fcndnis 90\/Die Gr\u00fcnen Wahlkreis 190: Eisenach \u2013 Wartburgkreis \u2013 Unstrut-Hainich-Kreis Platz 6 der Landesliste Th\u00fcringen Pers\u00f6nliches Statement: Als Arbeit wird meist nur Erwerbsarbeit gesehen, obwohl der gr\u00f6\u00dfte Teil der Arbeitsstunden pro Jahr schon heute unentgeltlich geleistet wird. Auch diese Arbeit muss anerkannt werden &#8211; sich lohnen. Die Erwerbsarbeit nimmt mit zunehmender Automatisierung weiter ab. Die &hellip; <\/p>\n<p class=\"link-more\"><a href=\"https:\/\/www.grundeinkommen-ist-waehlbar.de\/2017-de\/andreas-hundertmark\/\" class=\"more-link\"><span class=\"screen-reader-text\">\u201eAndreas Hundertmark\u201c <\/span>weiterlesen<\/a><\/p>\n","protected":false},"author":1,"featured_media":0,"comment_status":"closed","ping_status":"closed","sticky":false,"template":"","format":"standard","meta":{"footnotes":""},"categories":[56,54,392,360,362],"tags":[],"class_list":["post-707","post","type-post","status-publish","format-standard","hentry","category-buendnis-90-die-gruenen","category-listenkandidatin","category-listkandidatinnen-thueringen","category-thueringen","category-wahlkreis-190"],"_links":{"self":[{"href":"https:\/\/www.grundeinkommen-ist-waehlbar.de\/2017-de\/wp-json\/wp\/v2\/posts\/707","targetHints":{"allow":["GET"]}}],"collection":[{"href":"https:\/\/www.grundeinkommen-ist-waehlbar.de\/2017-de\/wp-json\/wp\/v2\/posts"}],"about":[{"href":"https:\/\/www.grundeinkommen-ist-waehlbar.de\/2017-de\/wp-json\/wp\/v2\/types\/post"}],"author":[{"embeddable":true,"href":"https:\/\/www.grundeinkommen-ist-waehlbar.de\/2017-de\/wp-json\/wp\/v2\/users\/1"}],"replies":[{"embeddable":true,"href":"https:\/\/www.grundeinkommen-ist-waehlbar.de\/2017-de\/wp-json\/wp\/v2\/comments?post=707"}],"version-history":[{"count":3,"href":"https:\/\/www.grundeinkommen-ist-waehlbar.de\/2017-de\/wp-json\/wp\/v2\/posts\/707\/revisions"}],"predecessor-version":[{"id":716,"href":"https:\/\/www.grundeinkommen-ist-waehlbar.de\/2017-de\/wp-json\/wp\/v2\/posts\/707\/revisions\/716"}],"wp:attachment":[{"href":"https:\/\/www.grundeinkommen-ist-waehlbar.de\/2017-de\/wp-json\/wp\/v2\/media?parent=707"}],"wp:term":[{"taxonomy":"category","embeddable":true,"href":"https:\/\/www.grundeinkommen-ist-waehlbar.de\/2017-de\/wp-json\/wp\/v2\/categories?post=707"},{"taxonomy":"post_tag","embeddable":true,"href":"https:\/\/www.grundeinkommen-ist-waehlbar.de\/2017-de\/wp-json\/wp\/v2\/tags?post=707"}],"curies":[{"name":"wp","href":"https:\/\/api.w.org\/{rel}","templated":true}]}}