{"id":710,"date":"2017-08-28T07:25:22","date_gmt":"2017-08-28T05:25:22","guid":{"rendered":"https:\/\/www.grundeinkommen-ist-waehlbar.de\/2017-de\/?p=710"},"modified":"2017-09-18T22:53:42","modified_gmt":"2017-09-18T20:53:42","slug":"charlotte-schneidewind-hartnagel","status":"publish","type":"post","link":"https:\/\/www.grundeinkommen-ist-waehlbar.de\/2017-de\/charlotte-schneidewind-hartnagel\/","title":{"rendered":"Charlotte Schneidewind-Hartnagel"},"content":{"rendered":"<p><a href=\"https:\/\/www.grundeinkommen-ist-waehlbar.de\/2017-de\/wp-content\/uploads\/sites\/3\/2017\/08\/IMG_0892.jpg\"><img decoding=\"async\" src=\"https:\/\/www.grundeinkommen-ist-waehlbar.de\/2017-de\/wp-content\/uploads\/sites\/3\/2017\/08\/IMG_0892-217x300.jpg\" width=\"250px\" height=\"300\" alt=\"IMG_0892\" style=\"display:inline-block\" \/><\/a> <\/p><p>B\u00fcndnis90\/Die Gr\u00fcnen<\/p>\n<p>Wahlkreis 276: Odenwald-Tauber<br \/>\nPlatz 15 der Landesliste Baden-W\u00fcrttemberg<\/p>\n<p>Pers\u00f6nliches Statement:<\/p>\n<p>Das bedingungslose Grundeinkommen ist w\u00e4hlbar.<\/p>\n<p>Zur Person:<\/p>\n<p>Website: <a href=\"http:\/\/www.charlotte-Schneidewind.de\">http:\/\/www.charlotte-Schneidewind.de<\/a><\/p>","protected":false},"excerpt":{"rendered":"<p>B\u00fcndnis90\/Die Gr\u00fcnen Wahlkreis 276: Odenwald-Tauber Platz 15 der Landesliste Baden-W\u00fcrttemberg Pers\u00f6nliches Statement: Das bedingungslose Grundeinkommen ist w\u00e4hlbar. Zur Person: Website: http:\/\/www.charlotte-Schneidewind.de<\/p>\n","protected":false},"author":1,"featured_media":0,"comment_status":"closed","ping_status":"closed","sticky":false,"template":"","format":"standard","meta":{"footnotes":""},"categories":[22,377,56,54,330],"tags":[],"class_list":["post-710","post","type-post","status-publish","format-standard","hentry","category-baden-wuerttemberg","category-listkandidatinnen-baden-wuerttemberg","category-buendnis-90-die-gruenen","category-listenkandidatin","category-wahlkreis-276"],"_links":{"self":[{"href":"https:\/\/www.grundeinkommen-ist-waehlbar.de\/2017-de\/wp-json\/wp\/v2\/posts\/710","targetHints":{"allow":["GET"]}}],"collection":[{"href":"https:\/\/www.grundeinkommen-ist-waehlbar.de\/2017-de\/wp-json\/wp\/v2\/posts"}],"about":[{"href":"https:\/\/www.grundeinkommen-ist-waehlbar.de\/2017-de\/wp-json\/wp\/v2\/types\/post"}],"author":[{"embeddable":true,"href":"https:\/\/www.grundeinkommen-ist-waehlbar.de\/2017-de\/wp-json\/wp\/v2\/users\/1"}],"replies":[{"embeddable":true,"href":"https:\/\/www.grundeinkommen-ist-waehlbar.de\/2017-de\/wp-json\/wp\/v2\/comments?post=710"}],"version-history":[{"count":3,"href":"https:\/\/www.grundeinkommen-ist-waehlbar.de\/2017-de\/wp-json\/wp\/v2\/posts\/710\/revisions"}],"predecessor-version":[{"id":714,"href":"https:\/\/www.grundeinkommen-ist-waehlbar.de\/2017-de\/wp-json\/wp\/v2\/posts\/710\/revisions\/714"}],"wp:attachment":[{"href":"https:\/\/www.grundeinkommen-ist-waehlbar.de\/2017-de\/wp-json\/wp\/v2\/media?parent=710"}],"wp:term":[{"taxonomy":"category","embeddable":true,"href":"https:\/\/www.grundeinkommen-ist-waehlbar.de\/2017-de\/wp-json\/wp\/v2\/categories?post=710"},{"taxonomy":"post_tag","embeddable":true,"href":"https:\/\/www.grundeinkommen-ist-waehlbar.de\/2017-de\/wp-json\/wp\/v2\/tags?post=710"}],"curies":[{"name":"wp","href":"https:\/\/api.w.org\/{rel}","templated":true}]}}