{"id":717,"date":"2017-08-28T11:21:19","date_gmt":"2017-08-28T09:21:19","guid":{"rendered":"https:\/\/www.grundeinkommen-ist-waehlbar.de\/2017-de\/?p=717"},"modified":"2017-08-31T15:15:45","modified_gmt":"2017-08-31T13:15:45","slug":"eva-maria-glathe-braun","status":"publish","type":"post","link":"https:\/\/www.grundeinkommen-ist-waehlbar.de\/2017-de\/eva-maria-glathe-braun\/","title":{"rendered":"Eva-Maria Glathe-Braun"},"content":{"rendered":"<p>DIE LINKE<\/p>\n<p>Wahlkreis 291: Ulm (Alb-Donau)<\/p>\n<p>Pers\u00f6nliches Statement:<\/p>\n<p>Wenn wir eine solidarische Gesellschaft aufbauen wollen, in der jeder die M\u00f6glichkeit der sozialen und gesellschaftlichen Teilhabe hat, brauchen wir ein Bedingungsloses Grundeinkommen. Es muss eine Entkopplung von Arbeit und Erwerbseinkommen geben. Auch die Ver\u00e4nderung der Arbeitswelt macht es notwendig, \u00fcber neue Formen des Einkommens zu diskutieren und hier zukunftsweisende L\u00f6sungen zu finden, das BGE ist unser Versprechen an die Zukunft. Es gibt uns die Freiheit, selbst unser Leben in die Hand zu nehmen. Wir brauchen ein Bedingungsloses Grundeinkommen, das seinen Namen auch verdient, und keine Mogelpackungen, wie schon auf den Weg gebracht. Lasst uns gemeinsam daf\u00fcr k\u00e4mpfen!<\/p>\n<p>Zur Person:<\/p>\n<p>Theatermitarbeiterin, 3 T\u00f6chter, 1 Sohn, 2 Enkel*innen, lange alleinerziehend<\/p>\n<p>politisches Engagement: Gr\u00fcnderin der LAG Grundeinkommen DIE LINKE Baden-W\u00fcrttemberg, f\u00fcr mehr soziale Wohnraumf\u00f6rderung, in der Fl\u00fcchtlingsarbeit, kulturelle Teilhabe<\/p>\n<p>Website: <a href=\"https:\/\/www.facebook.com\/evamaria.glathe\">https:\/\/www.facebook.com\/evamaria.glathe<\/a><\/p>","protected":false},"excerpt":{"rendered":"<p>DIE LINKE Wahlkreis 291: Ulm (Alb-Donau) Pers\u00f6nliches Statement: Wenn wir eine solidarische Gesellschaft aufbauen wollen, in der jeder die M\u00f6glichkeit der sozialen und gesellschaftlichen Teilhabe hat, brauchen wir ein Bedingungsloses Grundeinkommen. Es muss eine Entkopplung von Arbeit und Erwerbseinkommen geben. Auch die Ver\u00e4nderung der Arbeitswelt macht es notwendig, \u00fcber neue Formen des Einkommens zu diskutieren &hellip; <\/p>\n<p class=\"link-more\"><a href=\"https:\/\/www.grundeinkommen-ist-waehlbar.de\/2017-de\/eva-maria-glathe-braun\/\" class=\"more-link\"><span class=\"screen-reader-text\">\u201eEva-Maria Glathe-Braun\u201c <\/span>weiterlesen<\/a><\/p>\n","protected":false},"author":1,"featured_media":0,"comment_status":"closed","ping_status":"closed","sticky":false,"template":"","format":"standard","meta":{"footnotes":""},"categories":[22,60,345],"tags":[],"class_list":["post-717","post","type-post","status-publish","format-standard","hentry","category-baden-wuerttemberg","category-die-linke","category-wahlkreis-291"],"_links":{"self":[{"href":"https:\/\/www.grundeinkommen-ist-waehlbar.de\/2017-de\/wp-json\/wp\/v2\/posts\/717","targetHints":{"allow":["GET"]}}],"collection":[{"href":"https:\/\/www.grundeinkommen-ist-waehlbar.de\/2017-de\/wp-json\/wp\/v2\/posts"}],"about":[{"href":"https:\/\/www.grundeinkommen-ist-waehlbar.de\/2017-de\/wp-json\/wp\/v2\/types\/post"}],"author":[{"embeddable":true,"href":"https:\/\/www.grundeinkommen-ist-waehlbar.de\/2017-de\/wp-json\/wp\/v2\/users\/1"}],"replies":[{"embeddable":true,"href":"https:\/\/www.grundeinkommen-ist-waehlbar.de\/2017-de\/wp-json\/wp\/v2\/comments?post=717"}],"version-history":[{"count":4,"href":"https:\/\/www.grundeinkommen-ist-waehlbar.de\/2017-de\/wp-json\/wp\/v2\/posts\/717\/revisions"}],"predecessor-version":[{"id":862,"href":"https:\/\/www.grundeinkommen-ist-waehlbar.de\/2017-de\/wp-json\/wp\/v2\/posts\/717\/revisions\/862"}],"wp:attachment":[{"href":"https:\/\/www.grundeinkommen-ist-waehlbar.de\/2017-de\/wp-json\/wp\/v2\/media?parent=717"}],"wp:term":[{"taxonomy":"category","embeddable":true,"href":"https:\/\/www.grundeinkommen-ist-waehlbar.de\/2017-de\/wp-json\/wp\/v2\/categories?post=717"},{"taxonomy":"post_tag","embeddable":true,"href":"https:\/\/www.grundeinkommen-ist-waehlbar.de\/2017-de\/wp-json\/wp\/v2\/tags?post=717"}],"curies":[{"name":"wp","href":"https:\/\/api.w.org\/{rel}","templated":true}]}}