{"id":728,"date":"2017-08-28T12:55:51","date_gmt":"2017-08-28T10:55:51","guid":{"rendered":"https:\/\/www.grundeinkommen-ist-waehlbar.de\/2017-de\/?p=728"},"modified":"2017-08-28T12:56:26","modified_gmt":"2017-08-28T10:56:26","slug":"jens-eberhard-jahn","status":"publish","type":"post","link":"https:\/\/www.grundeinkommen-ist-waehlbar.de\/2017-de\/jens-eberhard-jahn\/","title":{"rendered":"Jens-Eberhard Jahn"},"content":{"rendered":"<p><a href=\"https:\/\/www.grundeinkommen-ist-waehlbar.de\/2017-de\/wp-content\/uploads\/sites\/3\/2017\/08\/foto-\u00d6dp-23-e1504440039924.jpg\"><img decoding=\"async\" src=\"https:\/\/www.grundeinkommen-ist-waehlbar.de\/2017-de\/wp-content\/uploads\/sites\/3\/2017\/08\/foto-\u00d6dp-23-200x300.jpg\" width=\"250px\" height=\"300\" alt=\"foto \u00d6dp-23\" style=\"display:inline-block\" \/><\/a> <\/p><p>\u00d6kologisch Demokratische Partei (\u00d6DP)<\/p>\n<p>Wahlkreis 078: Berlin-Spandau &#8211; Charlottenburg Nord<\/p>\n<p>Pers\u00f6nliches Statement:<\/p>\n<p>Ich bin Gr\u00fcndungsmitglied des Netzwerk Grundeinkommen und trete als Publizist und in verschiedenen Organisationen seit Jahren f\u00fcr ein Bedingungsloses Grundeinkommen (BGE) ein. Auch in der \u00d6DP wurde dazu in den letzten Jahren ein Modell entwickelt, das human\u00f6kologische Grundeinkommen (h\u00f6GE), das innerhalb der Partei zurzeit intensiv und kontrovers diskutiert wird.<\/p>\n<p>Ich bin der Meinung, Menschen m\u00fcssen von vornherein und ohne Vorleistung die M\u00f6glichkeit haben, menschenw\u00fcrdig leben zu k\u00f6nnen. Erst wenn sie materiell abgesichert sind, k\u00f6nnen sie ihre Grundrechte wahrnehmen. Erst dann auch k\u00f6nnen sie sich aktiv in die Zivilgesellschaft einbringen.<br \/>\nDaher bin ich f\u00fcr die Einf\u00fchrung eines BGE.<br \/>\nDenn ein BGE wird entw\u00fcrdigende Bittstellerei und eine teure Sozial- und Finanzb\u00fcrokratie \u00fcberfl\u00fcssig machen.<br \/>\nEin BGE wird Familien st\u00e4rken, denn Kinder sind dann kein Armutsrisiko mehr.<br \/>\nEin BGE wird wirtschaftliche Kreativit\u00e4t freisetzen, denn KleinunternehmerInnen und Startups brauchen bei Flauten nicht sofort Insolvenz zu bef\u00fcrchten.<br \/>\nEin BGE wird \u00f6kologischen Raubbau, um &#8222;Arbeitspl\u00e4tze zu sichern&#8220;, verhindern.<br \/>\nEin BGE wird kulturelles, soziales, \u00f6kologisches und politisches Engagement oft erst erm\u00f6glichen, denn die Menschen haben dann mehr Zeit: Der Zwang zur Erwerbsarbeit f\u00e4llt zumindest teilweise weg.<\/p>\n<p>Bedingungslose Existenzsicherung l\u00e4sst sich v\u00f6lkerechtlich, religi\u00f6s, philosophisch und \u00f6konomisch herleiten und begr\u00fcnden. Alle diese Begr\u00fcndungen sind wichtig. Entscheidend ist aber, wie das BGE praktisch ausgestaltet wird. Viele bisherige Sozialleistungen (ALG 2, Kindergeld&#8230;) wird es ersetzen, andere nicht. Mindestlohn und Mietpreisbindungen sollten es ebenso erg\u00e4nzen wie kostenloser Zugang zu Bildung und Mobilit\u00e4t. Ein BGE sollte individuell und in Existenz sichernder H\u00f6he ausbezahlt werden. Dann erm\u00f6glicht es Freiheit von Armut und Freiheit zu jeglicher Kreativit\u00e4t.<\/p>\n<p>Zur Person:<\/p>\n<p>Website: <a href=\"http:\/\/jens-eberhard-jahn-oedp.de\">http:\/\/jens-eberhard-jahn-oedp.de<\/a><\/p>","protected":false},"excerpt":{"rendered":"<p>\u00d6kologisch Demokratische Partei (\u00d6DP) Wahlkreis 078: Berlin-Spandau &#8211; Charlottenburg Nord Pers\u00f6nliches Statement: Ich bin Gr\u00fcndungsmitglied des Netzwerk Grundeinkommen und trete als Publizist und in verschiedenen Organisationen seit Jahren f\u00fcr ein Bedingungsloses Grundeinkommen (BGE) ein. Auch in der \u00d6DP wurde dazu in den letzten Jahren ein Modell entwickelt, das human\u00f6kologische Grundeinkommen (h\u00f6GE), das innerhalb der Partei &hellip; <\/p>\n<p class=\"link-more\"><a href=\"https:\/\/www.grundeinkommen-ist-waehlbar.de\/2017-de\/jens-eberhard-jahn\/\" class=\"more-link\"><span class=\"screen-reader-text\">\u201eJens-Eberhard Jahn\u201c <\/span>weiterlesen<\/a><\/p>\n","protected":false},"author":1,"featured_media":0,"comment_status":"closed","ping_status":"closed","sticky":false,"template":"","format":"standard","meta":{"footnotes":""},"categories":[15,62,132],"tags":[],"class_list":["post-728","post","type-post","status-publish","format-standard","hentry","category-berlin","category-oedp","category-wahlkreis-078"],"_links":{"self":[{"href":"https:\/\/www.grundeinkommen-ist-waehlbar.de\/2017-de\/wp-json\/wp\/v2\/posts\/728","targetHints":{"allow":["GET"]}}],"collection":[{"href":"https:\/\/www.grundeinkommen-ist-waehlbar.de\/2017-de\/wp-json\/wp\/v2\/posts"}],"about":[{"href":"https:\/\/www.grundeinkommen-ist-waehlbar.de\/2017-de\/wp-json\/wp\/v2\/types\/post"}],"author":[{"embeddable":true,"href":"https:\/\/www.grundeinkommen-ist-waehlbar.de\/2017-de\/wp-json\/wp\/v2\/users\/1"}],"replies":[{"embeddable":true,"href":"https:\/\/www.grundeinkommen-ist-waehlbar.de\/2017-de\/wp-json\/wp\/v2\/comments?post=728"}],"version-history":[{"count":3,"href":"https:\/\/www.grundeinkommen-ist-waehlbar.de\/2017-de\/wp-json\/wp\/v2\/posts\/728\/revisions"}],"predecessor-version":[{"id":735,"href":"https:\/\/www.grundeinkommen-ist-waehlbar.de\/2017-de\/wp-json\/wp\/v2\/posts\/728\/revisions\/735"}],"wp:attachment":[{"href":"https:\/\/www.grundeinkommen-ist-waehlbar.de\/2017-de\/wp-json\/wp\/v2\/media?parent=728"}],"wp:term":[{"taxonomy":"category","embeddable":true,"href":"https:\/\/www.grundeinkommen-ist-waehlbar.de\/2017-de\/wp-json\/wp\/v2\/categories?post=728"},{"taxonomy":"post_tag","embeddable":true,"href":"https:\/\/www.grundeinkommen-ist-waehlbar.de\/2017-de\/wp-json\/wp\/v2\/tags?post=728"}],"curies":[{"name":"wp","href":"https:\/\/api.w.org\/{rel}","templated":true}]}}