{"id":729,"date":"2017-08-28T13:00:21","date_gmt":"2017-08-28T11:00:21","guid":{"rendered":"https:\/\/www.grundeinkommen-ist-waehlbar.de\/2017-de\/?p=729"},"modified":"2017-09-18T22:52:30","modified_gmt":"2017-09-18T20:52:30","slug":"chris-kuehn","status":"publish","type":"post","link":"https:\/\/www.grundeinkommen-ist-waehlbar.de\/2017-de\/chris-kuehn\/","title":{"rendered":"Chris K\u00fchn"},"content":{"rendered":"<p><a href=\"https:\/\/www.grundeinkommen-ist-waehlbar.de\/2017-de\/wp-content\/uploads\/sites\/3\/2017\/08\/Pressefoto-Chris-K\u00fchn-212x300-e1503952179412.jpg\"><img decoding=\"async\" src=\"https:\/\/www.grundeinkommen-ist-waehlbar.de\/2017-de\/wp-content\/uploads\/sites\/3\/2017\/08\/Pressefoto-Chris-K\u00fchn-212x300-212x300.jpg\" width=\"250px\" height=\"300\" alt=\"Pressefoto-Chris-K\u00fchn-212x300\" style=\"display:inline-block\" \/><\/a> <\/p><p>B\u00fcndnis 90\/Die Gr\u00fcnen<\/p>\n<p>Wahlkreis 290: T\u00fcbingen<br \/>\nPlatz 6 der Landesliste Baden-W\u00fcrttemberg<\/p>\n<p>Pers\u00f6nliches Statement\/Zur Person:<\/p>\n<p>Chris K\u00fchn wurde 1979 in T\u00fcbingen geboren. Aufgewachsen ist er in G\u00f6ppingen, wo er auch sein Abitur erwarb und den Zivildienst absolvierte.<\/p>\n<p>Zum Studium der Politikwissenschaft und Soziologie ging Chris K\u00fchn zur\u00fcck nach T\u00fcbingen. Dort schloss er 2009 erfolgreich sein Studium als Magister Artium ab. W\u00e4hrend seines Studiums war er Mitarbeiter des T\u00fcbinger Bundestagsabgeordneten Winne Hermann. Nach seinem Studium war er Mitarbeiter in der Verwaltung der Fakult\u00e4t f\u00fcr Wirtschaftswissenschaften der Universit\u00e4t T\u00fcbingen.<\/p>\n<p>Seit 1998 ist Chris K\u00fchn Mitglied bei B\u00dcNDNIS 90\/DIE GR\u00dcNEN. Von 2002 bis 2009 war er Mitglied im Kreisvorstand von B\u00dcNDNIS 90\/DIE GR\u00dcNEN T\u00fcbingen. Seit 2007 geh\u00f6rt er dem baden-w\u00fcrttembergischen Landesvorstand an. Von 2009 bis 2013 war Chris K\u00fchn Landesvorsitzender der S\u00fcdwest-Gr\u00fcnen. Zusammen mit Winfried Kretschmann und Silke Krebs f\u00fchrte er im April 2011 die gr\u00fcne Delegation bei den Koalitionsverhandlungen mit der SPD an. Von 2011 bis 2013 war er Mitglied im Koalitionsausschuss der gr\u00fcn-roten Landesregierung.<\/p>\n<p>Bei der Bundestagswahl 2013 wurde Chris K\u00fchn auf Listenplatz 6 der baden-w\u00fcrttembergischen Gr\u00fcnen in den Bundestag gew\u00e4hlt und vertritt dort den Bundestagswahlkreis 290 T\u00fcbingen. Er ist Sprecher f\u00fcr Bau- und Wohnungspolitik der Bundestagsfraktion B\u00dcNDNIS 90\/DIE GR\u00dcNEN und vertritt seine Fraktion als ordentliches Mitglied im Ausschuss f\u00fcr Umwelt, Naturschutz, Bau- und Reaktorsicherheit sowie als Obmann im Unterausschuss Kommunales. Daneben ist Chris K\u00fchn stellvertretendes Mitglied in den Aussch\u00fcssen f\u00fcr Recht und Verbraucherschutz, Kultur und Medien sowie Verkehr und digitale Infrastruktur. Seit April 2016 ist Chris K\u00fchn Landesgruppensprecher der Gr\u00fcnen Abgeordneten aus Baden-W\u00fcrttemberg im Bundestag.<\/p>\n<p>Chris K\u00fchn ist verheiratet und Vater eines kleinen Sohnes und einer Tochter.<\/p>\n<p>Website: <a href=\"http:\/\/www.chriskuehn.de\">http:\/\/www.chriskuehn.de<\/a><\/p>","protected":false},"excerpt":{"rendered":"<p>B\u00fcndnis 90\/Die Gr\u00fcnen Wahlkreis 290: T\u00fcbingen Platz 6 der Landesliste Baden-W\u00fcrttemberg Pers\u00f6nliches Statement\/Zur Person: Chris K\u00fchn wurde 1979 in T\u00fcbingen geboren. Aufgewachsen ist er in G\u00f6ppingen, wo er auch sein Abitur erwarb und den Zivildienst absolvierte. Zum Studium der Politikwissenschaft und Soziologie ging Chris K\u00fchn zur\u00fcck nach T\u00fcbingen. Dort schloss er 2009 erfolgreich sein Studium &hellip; <\/p>\n<p class=\"link-more\"><a href=\"https:\/\/www.grundeinkommen-ist-waehlbar.de\/2017-de\/chris-kuehn\/\" class=\"more-link\"><span class=\"screen-reader-text\">\u201eChris K\u00fchn\u201c <\/span>weiterlesen<\/a><\/p>\n","protected":false},"author":1,"featured_media":0,"comment_status":"closed","ping_status":"closed","sticky":false,"template":"","format":"standard","meta":{"footnotes":""},"categories":[22,377,56,54,344],"tags":[],"class_list":["post-729","post","type-post","status-publish","format-standard","hentry","category-baden-wuerttemberg","category-listkandidatinnen-baden-wuerttemberg","category-buendnis-90-die-gruenen","category-listenkandidatin","category-wahlkreis-290"],"_links":{"self":[{"href":"https:\/\/www.grundeinkommen-ist-waehlbar.de\/2017-de\/wp-json\/wp\/v2\/posts\/729","targetHints":{"allow":["GET"]}}],"collection":[{"href":"https:\/\/www.grundeinkommen-ist-waehlbar.de\/2017-de\/wp-json\/wp\/v2\/posts"}],"about":[{"href":"https:\/\/www.grundeinkommen-ist-waehlbar.de\/2017-de\/wp-json\/wp\/v2\/types\/post"}],"author":[{"embeddable":true,"href":"https:\/\/www.grundeinkommen-ist-waehlbar.de\/2017-de\/wp-json\/wp\/v2\/users\/1"}],"replies":[{"embeddable":true,"href":"https:\/\/www.grundeinkommen-ist-waehlbar.de\/2017-de\/wp-json\/wp\/v2\/comments?post=729"}],"version-history":[{"count":2,"href":"https:\/\/www.grundeinkommen-ist-waehlbar.de\/2017-de\/wp-json\/wp\/v2\/posts\/729\/revisions"}],"predecessor-version":[{"id":737,"href":"https:\/\/www.grundeinkommen-ist-waehlbar.de\/2017-de\/wp-json\/wp\/v2\/posts\/729\/revisions\/737"}],"wp:attachment":[{"href":"https:\/\/www.grundeinkommen-ist-waehlbar.de\/2017-de\/wp-json\/wp\/v2\/media?parent=729"}],"wp:term":[{"taxonomy":"category","embeddable":true,"href":"https:\/\/www.grundeinkommen-ist-waehlbar.de\/2017-de\/wp-json\/wp\/v2\/categories?post=729"},{"taxonomy":"post_tag","embeddable":true,"href":"https:\/\/www.grundeinkommen-ist-waehlbar.de\/2017-de\/wp-json\/wp\/v2\/tags?post=729"}],"curies":[{"name":"wp","href":"https:\/\/api.w.org\/{rel}","templated":true}]}}