{"id":758,"date":"2017-08-28T16:06:19","date_gmt":"2017-08-28T14:06:19","guid":{"rendered":"https:\/\/www.grundeinkommen-ist-waehlbar.de\/2017-de\/?p=758"},"modified":"2017-08-31T15:14:36","modified_gmt":"2017-08-31T13:14:36","slug":"falk-neubert","status":"publish","type":"post","link":"https:\/\/www.grundeinkommen-ist-waehlbar.de\/2017-de\/falk-neubert\/","title":{"rendered":"Falk Neubert"},"content":{"rendered":"<p><a href=\"https:\/\/www.grundeinkommen-ist-waehlbar.de\/2017-de\/wp-content\/uploads\/sites\/3\/2017\/08\/FalkNeubert_170428_5219_sRGB_A6-e1503952136843.jpg\"><img decoding=\"async\" src=\"https:\/\/www.grundeinkommen-ist-waehlbar.de\/2017-de\/wp-content\/uploads\/sites\/3\/2017\/08\/FalkNeubert_170428_5219_sRGB_A6-212x300.jpg\" width=\"250px\" height=\"300\" alt=\"FalkNeubert_170428_5219_sRGB_A6\" style=\"display:inline-block\" \/><\/a> <\/p><p>DIE LINKE<\/p>\n<p>Wahlkreis 161: Mittelsachsen<\/p>\n<p>Pers\u00f6nliches Statement:<\/p>\n<p>Ich bin ein Bef\u00fcrworter des BGE, weil nur mit einem BGE alle Menschen die M\u00f6glichkeit zur gesellschaftlichen Teilhabe ohne jedwede Schranken haben. Und nur mit einem BGE schaffen wir es, die Schere zwischen Arm und Reich wieder ein St\u00fcck zu schlie\u00dfen und soziale Gerechtigkeit zu schaffen.<\/p>\n<p>Zur Person:<\/p>\n<p>43 Jahre alt, eine Tochter, wohnhaft in Mittweida<br \/>\nvon Beruf Koch und Kommunikationswissenschaftler<br \/>\nvon 1999 bis 2017 Mitglied des S\u00e4chsischen Landtages, Sprecher f\u00fcr Hochschul- und Medienpolitik<br \/>\nseit 2017 Referatsleiter im Th\u00fcringer Ministerium f\u00fcr Arbeit, Soziales, Gesundheit, Frauen und Familie<\/p>\n<p>Website: <a href=\"http:\/\/www.falk-neubert.de\">http:\/\/www.falk-neubert.de<\/a><\/p>","protected":false},"excerpt":{"rendered":"<p>DIE LINKE Wahlkreis 161: Mittelsachsen Pers\u00f6nliches Statement: Ich bin ein Bef\u00fcrworter des BGE, weil nur mit einem BGE alle Menschen die M\u00f6glichkeit zur gesellschaftlichen Teilhabe ohne jedwede Schranken haben. Und nur mit einem BGE schaffen wir es, die Schere zwischen Arm und Reich wieder ein St\u00fcck zu schlie\u00dfen und soziale Gerechtigkeit zu schaffen. Zur Person: &hellip; <\/p>\n<p class=\"link-more\"><a href=\"https:\/\/www.grundeinkommen-ist-waehlbar.de\/2017-de\/falk-neubert\/\" class=\"more-link\"><span class=\"screen-reader-text\">\u201eFalk Neubert\u201c <\/span>weiterlesen<\/a><\/p>\n","protected":false},"author":1,"featured_media":0,"comment_status":"closed","ping_status":"closed","sticky":false,"template":"","format":"standard","meta":{"footnotes":""},"categories":[60,17,215],"tags":[],"class_list":["post-758","post","type-post","status-publish","format-standard","hentry","category-die-linke","category-sachsen","category-wahlkreis-161"],"_links":{"self":[{"href":"https:\/\/www.grundeinkommen-ist-waehlbar.de\/2017-de\/wp-json\/wp\/v2\/posts\/758","targetHints":{"allow":["GET"]}}],"collection":[{"href":"https:\/\/www.grundeinkommen-ist-waehlbar.de\/2017-de\/wp-json\/wp\/v2\/posts"}],"about":[{"href":"https:\/\/www.grundeinkommen-ist-waehlbar.de\/2017-de\/wp-json\/wp\/v2\/types\/post"}],"author":[{"embeddable":true,"href":"https:\/\/www.grundeinkommen-ist-waehlbar.de\/2017-de\/wp-json\/wp\/v2\/users\/1"}],"replies":[{"embeddable":true,"href":"https:\/\/www.grundeinkommen-ist-waehlbar.de\/2017-de\/wp-json\/wp\/v2\/comments?post=758"}],"version-history":[{"count":3,"href":"https:\/\/www.grundeinkommen-ist-waehlbar.de\/2017-de\/wp-json\/wp\/v2\/posts\/758\/revisions"}],"predecessor-version":[{"id":861,"href":"https:\/\/www.grundeinkommen-ist-waehlbar.de\/2017-de\/wp-json\/wp\/v2\/posts\/758\/revisions\/861"}],"wp:attachment":[{"href":"https:\/\/www.grundeinkommen-ist-waehlbar.de\/2017-de\/wp-json\/wp\/v2\/media?parent=758"}],"wp:term":[{"taxonomy":"category","embeddable":true,"href":"https:\/\/www.grundeinkommen-ist-waehlbar.de\/2017-de\/wp-json\/wp\/v2\/categories?post=758"},{"taxonomy":"post_tag","embeddable":true,"href":"https:\/\/www.grundeinkommen-ist-waehlbar.de\/2017-de\/wp-json\/wp\/v2\/tags?post=758"}],"curies":[{"name":"wp","href":"https:\/\/api.w.org\/{rel}","templated":true}]}}