{"id":802,"date":"2017-08-29T15:33:54","date_gmt":"2017-08-29T13:33:54","guid":{"rendered":"https:\/\/www.grundeinkommen-ist-waehlbar.de\/2017-de\/?p=802"},"modified":"2017-09-18T22:47:59","modified_gmt":"2017-09-18T20:47:59","slug":"gerhard-schick","status":"publish","type":"post","link":"https:\/\/www.grundeinkommen-ist-waehlbar.de\/2017-de\/gerhard-schick\/","title":{"rendered":"Gerhard Schick"},"content":{"rendered":"<p><a href=\"https:\/\/www.grundeinkommen-ist-waehlbar.de\/2017-de\/wp-content\/uploads\/sites\/3\/2017\/08\/2016_offizielles_Pressefoto_printf\u00e4hig.jpg\"><img decoding=\"async\" src=\"https:\/\/www.grundeinkommen-ist-waehlbar.de\/2017-de\/wp-content\/uploads\/sites\/3\/2017\/08\/2016_offizielles_Pressefoto_printf\u00e4hig-200x300.jpg\" width=\"250px\" height=\"300\" alt=\"www.RENTADESIGNER.de\" style=\"display:inline-block\" \/><\/a> <\/p><p>B\u00fcndnis 90\/Die Gr\u00fcnen<\/p>\n<p>Wahlkreis 275: Mannheim<br \/>\nPlatz 4 der Landesliste Baden-W\u00fcrttemberg<\/p>\n<p>Pers\u00f6nliches Statement:<\/p>\n<p>Es ist richtig, Schritt f\u00fcr Schritt den Gedanken des Grundeinkommens aufzugreifen und umzusetzen. Entscheidend f\u00fcr die Wirkung des Grundeinkommens ist eine gerechte Finanzierung, bei der starke Schultern mehr tragen als schwache. Sonst wird aus einem sozialen Gedanken etwas ziemlich Unsoziales.<\/p>\n<p>Zur Person:<\/p>\n<p>1996 bin ich bei den Gr\u00fcnen eingetreten, 2005 habe ich das erste Mal f\u00fcr den Bundestag kandidiert. Meine Motivation daf\u00fcr war und ist, f\u00fcr eine Wirtschafts- und Finanzpolitik zu streiten, mit der gr\u00fcne Ziele erreicht werden k\u00f6nnen: der Schutz des Klimas und der Biodiversit\u00e4t, soziale Gerechtigkeit bei uns und global, eine transparente und partizipative Demokratie.<\/p>\n<p>Seit 2007 arbeite ich als finanzpolitischer Sprecher der Bundestagsfraktion von B\u00fcndnis 90\/Die Gr\u00fcnen an genau diesen Zielen, wenn die Steuergesetze ge\u00e4ndert werden, wenn die Finanzm\u00e4rkte reguliert werden (oder eben an vielen Stellen leider nicht!), wenn ich daran mitwirke, die Bundesregierung, die Finanzaufsicht oder den Bankenrettungsfonds zu kontrollieren. Seit 2008 bin ich auch Mitglied im Parteirat der Gr\u00fcnen \u2013 dem h\u00f6chsten regelm\u00e4\u00dfig tagenden Gremium nach dem Bundesvorstand. Dort will ich mutige Debatten ansto\u00dfen und unserer Partei programmatische Impulse geben.<\/p>\n<p>Website: <a href=\"http:\/\/www.gerhardschick.net\/\">http:\/\/www.gerhardschick.net\/<\/a><\/p>","protected":false},"excerpt":{"rendered":"<p>B\u00fcndnis 90\/Die Gr\u00fcnen Wahlkreis 275: Mannheim Platz 4 der Landesliste Baden-W\u00fcrttemberg Pers\u00f6nliches Statement: Es ist richtig, Schritt f\u00fcr Schritt den Gedanken des Grundeinkommens aufzugreifen und umzusetzen. Entscheidend f\u00fcr die Wirkung des Grundeinkommens ist eine gerechte Finanzierung, bei der starke Schultern mehr tragen als schwache. Sonst wird aus einem sozialen Gedanken etwas ziemlich Unsoziales. Zur Person: &hellip; <\/p>\n<p class=\"link-more\"><a href=\"https:\/\/www.grundeinkommen-ist-waehlbar.de\/2017-de\/gerhard-schick\/\" class=\"more-link\"><span class=\"screen-reader-text\">\u201eGerhard Schick\u201c <\/span>weiterlesen<\/a><\/p>\n","protected":false},"author":1,"featured_media":0,"comment_status":"closed","ping_status":"closed","sticky":false,"template":"","format":"standard","meta":{"footnotes":""},"categories":[22,377,56,54,329],"tags":[],"class_list":["post-802","post","type-post","status-publish","format-standard","hentry","category-baden-wuerttemberg","category-listkandidatinnen-baden-wuerttemberg","category-buendnis-90-die-gruenen","category-listenkandidatin","category-wahlkreis-275"],"_links":{"self":[{"href":"https:\/\/www.grundeinkommen-ist-waehlbar.de\/2017-de\/wp-json\/wp\/v2\/posts\/802","targetHints":{"allow":["GET"]}}],"collection":[{"href":"https:\/\/www.grundeinkommen-ist-waehlbar.de\/2017-de\/wp-json\/wp\/v2\/posts"}],"about":[{"href":"https:\/\/www.grundeinkommen-ist-waehlbar.de\/2017-de\/wp-json\/wp\/v2\/types\/post"}],"author":[{"embeddable":true,"href":"https:\/\/www.grundeinkommen-ist-waehlbar.de\/2017-de\/wp-json\/wp\/v2\/users\/1"}],"replies":[{"embeddable":true,"href":"https:\/\/www.grundeinkommen-ist-waehlbar.de\/2017-de\/wp-json\/wp\/v2\/comments?post=802"}],"version-history":[{"count":2,"href":"https:\/\/www.grundeinkommen-ist-waehlbar.de\/2017-de\/wp-json\/wp\/v2\/posts\/802\/revisions"}],"predecessor-version":[{"id":805,"href":"https:\/\/www.grundeinkommen-ist-waehlbar.de\/2017-de\/wp-json\/wp\/v2\/posts\/802\/revisions\/805"}],"wp:attachment":[{"href":"https:\/\/www.grundeinkommen-ist-waehlbar.de\/2017-de\/wp-json\/wp\/v2\/media?parent=802"}],"wp:term":[{"taxonomy":"category","embeddable":true,"href":"https:\/\/www.grundeinkommen-ist-waehlbar.de\/2017-de\/wp-json\/wp\/v2\/categories?post=802"},{"taxonomy":"post_tag","embeddable":true,"href":"https:\/\/www.grundeinkommen-ist-waehlbar.de\/2017-de\/wp-json\/wp\/v2\/tags?post=802"}],"curies":[{"name":"wp","href":"https:\/\/api.w.org\/{rel}","templated":true}]}}