{"id":809,"date":"2017-08-29T17:45:42","date_gmt":"2017-08-29T15:45:42","guid":{"rendered":"https:\/\/www.grundeinkommen-ist-waehlbar.de\/2017-de\/?p=809"},"modified":"2017-08-29T17:45:42","modified_gmt":"2017-08-29T15:45:42","slug":"prof-dr-joachim-schulze","status":"publish","type":"post","link":"https:\/\/www.grundeinkommen-ist-waehlbar.de\/2017-de\/prof-dr-joachim-schulze\/","title":{"rendered":"Prof. Dr. Joachim Schulze"},"content":{"rendered":"<p>B\u00fcndnis 90\/Die Gr\u00fcnen<\/p>\n<p>Wahlkreis 157: G\u00f6rlitz<\/p>\n<p>Pers\u00f6nliches Statement:<\/p>\n<p>&#8222;Unsere Gesellschaft muss heute L\u00f6sungen finden, die zu den Herausforderungen von morgen passen. Zu diesen geh\u00f6rt auch die Frage, wie sich unsere Arbeitswelt, beispielweise durch die zunehmende Digitalisierung, ver\u00e4ndern wird. Das Grundeinkommen ist vor diesem Hintergrund eine spannende Idee, die zun\u00e4chst in kleinerem Ma\u00dfstab als Modell getestet werden sollte. Niemand wei\u00df wirklich, was die Ergebnisse sein werden, aber alleine die Diskussion \u00fcber das Grundeinkommen wird die Debatte \u00fcber die Zukunft des Sozialstaates erheblich bereichern und helfen, neue L\u00f6sungsans\u00e4tze zu finden. Ich bin deshalb daf\u00fcr, das bedingungslose Grundeinkommen zu erproben. Eine Einf\u00fchrung w\u00fcrde ich zum Gegenstand einer Volksabstimmung machen.&#8220;<\/p>\n<p>Zur Person:<\/p>\n<p>&#8211;<\/p>\n","protected":false},"excerpt":{"rendered":"<p>B\u00fcndnis 90\/Die Gr\u00fcnen Wahlkreis 157: G\u00f6rlitz Pers\u00f6nliches Statement: &#8222;Unsere Gesellschaft muss heute L\u00f6sungen finden, die zu den Herausforderungen von morgen passen. Zu diesen geh\u00f6rt auch die Frage, wie sich unsere Arbeitswelt, beispielweise durch die zunehmende Digitalisierung, ver\u00e4ndern wird. Das Grundeinkommen ist vor diesem Hintergrund eine spannende Idee, die zun\u00e4chst in kleinerem Ma\u00dfstab als Modell getestet &hellip; <\/p>\n<p class=\"link-more\"><a href=\"https:\/\/www.grundeinkommen-ist-waehlbar.de\/2017-de\/prof-dr-joachim-schulze\/\" class=\"more-link\"><span class=\"screen-reader-text\">\u201eProf. Dr. Joachim Schulze\u201c <\/span>weiterlesen<\/a><\/p>\n","protected":false},"author":1,"featured_media":0,"comment_status":"closed","ping_status":"closed","sticky":false,"template":"","format":"standard","meta":{"footnotes":""},"categories":[56,17,211],"tags":[],"class_list":["post-809","post","type-post","status-publish","format-standard","hentry","category-buendnis-90-die-gruenen","category-sachsen","category-wahlkreis-157"],"_links":{"self":[{"href":"https:\/\/www.grundeinkommen-ist-waehlbar.de\/2017-de\/wp-json\/wp\/v2\/posts\/809","targetHints":{"allow":["GET"]}}],"collection":[{"href":"https:\/\/www.grundeinkommen-ist-waehlbar.de\/2017-de\/wp-json\/wp\/v2\/posts"}],"about":[{"href":"https:\/\/www.grundeinkommen-ist-waehlbar.de\/2017-de\/wp-json\/wp\/v2\/types\/post"}],"author":[{"embeddable":true,"href":"https:\/\/www.grundeinkommen-ist-waehlbar.de\/2017-de\/wp-json\/wp\/v2\/users\/1"}],"replies":[{"embeddable":true,"href":"https:\/\/www.grundeinkommen-ist-waehlbar.de\/2017-de\/wp-json\/wp\/v2\/comments?post=809"}],"version-history":[{"count":2,"href":"https:\/\/www.grundeinkommen-ist-waehlbar.de\/2017-de\/wp-json\/wp\/v2\/posts\/809\/revisions"}],"predecessor-version":[{"id":811,"href":"https:\/\/www.grundeinkommen-ist-waehlbar.de\/2017-de\/wp-json\/wp\/v2\/posts\/809\/revisions\/811"}],"wp:attachment":[{"href":"https:\/\/www.grundeinkommen-ist-waehlbar.de\/2017-de\/wp-json\/wp\/v2\/media?parent=809"}],"wp:term":[{"taxonomy":"category","embeddable":true,"href":"https:\/\/www.grundeinkommen-ist-waehlbar.de\/2017-de\/wp-json\/wp\/v2\/categories?post=809"},{"taxonomy":"post_tag","embeddable":true,"href":"https:\/\/www.grundeinkommen-ist-waehlbar.de\/2017-de\/wp-json\/wp\/v2\/tags?post=809"}],"curies":[{"name":"wp","href":"https:\/\/api.w.org\/{rel}","templated":true}]}}