{"id":816,"date":"2017-08-29T18:45:24","date_gmt":"2017-08-29T16:45:24","guid":{"rendered":"https:\/\/www.grundeinkommen-ist-waehlbar.de\/2017-de\/?p=816"},"modified":"2017-09-18T22:47:33","modified_gmt":"2017-09-18T20:47:33","slug":"matthias-lindemer","status":"publish","type":"post","link":"https:\/\/www.grundeinkommen-ist-waehlbar.de\/2017-de\/matthias-lindemer\/","title":{"rendered":"Matthias Lindemer"},"content":{"rendered":"<p><a href=\"https:\/\/www.grundeinkommen-ist-waehlbar.de\/2017-de\/wp-content\/uploads\/sites\/3\/2017\/08\/wrFVWHTi.jpg\"><img decoding=\"async\" src=\"https:\/\/www.grundeinkommen-ist-waehlbar.de\/2017-de\/wp-content\/uploads\/sites\/3\/2017\/08\/wrFVWHTi-300x300.jpg\" width=\"250px\" height=\"300\" alt=\"wrFVWHTi\" style=\"display:inline-block\" \/><\/a> <\/p><p>B\u00fcndnis Grundeinkommen (BGE)<\/p>\n<p>Platz 3 der Landesliste Baden-W\u00fcrttemberg<\/p>\n<p>Pers\u00f6nliches Statement:<\/p>\n<p>Das bedingungslose Grundeinkommen ist die erste politische Idee ohne Feindbild!<\/p>\n<p>Zur Person:<\/p>\n<p>Ich bin 30 Jahre alt und habe Biologie mit Schwerpunkt \u00d6kologie studiert. Aktuell arbeite ich in einem Architekturb\u00fcro und bei einem Verein, der sich f\u00fcr Fairen Handel einsetzt. Zus\u00e4tzlich habe ich diverse Ehren\u00e4mter und freiwillige T\u00e4tigkeiten.<\/p>\n<p>Website: <a href=\"http:\/\/www.grundeinkommen.erklaert.de\">http:\/\/www.grundeinkommen.erklaert.de<\/a><\/p>","protected":false},"excerpt":{"rendered":"<p>B\u00fcndnis Grundeinkommen (BGE) Platz 3 der Landesliste Baden-W\u00fcrttemberg Pers\u00f6nliches Statement: Das bedingungslose Grundeinkommen ist die erste politische Idee ohne Feindbild! Zur Person: Ich bin 30 Jahre alt und habe Biologie mit Schwerpunkt \u00d6kologie studiert. Aktuell arbeite ich in einem Architekturb\u00fcro und bei einem Verein, der sich f\u00fcr Fairen Handel einsetzt. Zus\u00e4tzlich habe ich diverse Ehren\u00e4mter &hellip; <\/p>\n<p class=\"link-more\"><a href=\"https:\/\/www.grundeinkommen-ist-waehlbar.de\/2017-de\/matthias-lindemer\/\" class=\"more-link\"><span class=\"screen-reader-text\">\u201eMatthias Lindemer\u201c <\/span>weiterlesen<\/a><\/p>\n","protected":false},"author":1,"featured_media":0,"comment_status":"closed","ping_status":"closed","sticky":false,"template":"","format":"standard","meta":{"footnotes":""},"categories":[22,377,57,54],"tags":[],"class_list":["post-816","post","type-post","status-publish","format-standard","hentry","category-baden-wuerttemberg","category-listkandidatinnen-baden-wuerttemberg","category-buendnis-grundeinkommen","category-listenkandidatin"],"_links":{"self":[{"href":"https:\/\/www.grundeinkommen-ist-waehlbar.de\/2017-de\/wp-json\/wp\/v2\/posts\/816","targetHints":{"allow":["GET"]}}],"collection":[{"href":"https:\/\/www.grundeinkommen-ist-waehlbar.de\/2017-de\/wp-json\/wp\/v2\/posts"}],"about":[{"href":"https:\/\/www.grundeinkommen-ist-waehlbar.de\/2017-de\/wp-json\/wp\/v2\/types\/post"}],"author":[{"embeddable":true,"href":"https:\/\/www.grundeinkommen-ist-waehlbar.de\/2017-de\/wp-json\/wp\/v2\/users\/1"}],"replies":[{"embeddable":true,"href":"https:\/\/www.grundeinkommen-ist-waehlbar.de\/2017-de\/wp-json\/wp\/v2\/comments?post=816"}],"version-history":[{"count":1,"href":"https:\/\/www.grundeinkommen-ist-waehlbar.de\/2017-de\/wp-json\/wp\/v2\/posts\/816\/revisions"}],"predecessor-version":[{"id":818,"href":"https:\/\/www.grundeinkommen-ist-waehlbar.de\/2017-de\/wp-json\/wp\/v2\/posts\/816\/revisions\/818"}],"wp:attachment":[{"href":"https:\/\/www.grundeinkommen-ist-waehlbar.de\/2017-de\/wp-json\/wp\/v2\/media?parent=816"}],"wp:term":[{"taxonomy":"category","embeddable":true,"href":"https:\/\/www.grundeinkommen-ist-waehlbar.de\/2017-de\/wp-json\/wp\/v2\/categories?post=816"},{"taxonomy":"post_tag","embeddable":true,"href":"https:\/\/www.grundeinkommen-ist-waehlbar.de\/2017-de\/wp-json\/wp\/v2\/tags?post=816"}],"curies":[{"name":"wp","href":"https:\/\/api.w.org\/{rel}","templated":true}]}}