{"id":823,"date":"2017-08-30T18:36:11","date_gmt":"2017-08-30T16:36:11","guid":{"rendered":"https:\/\/www.grundeinkommen-ist-waehlbar.de\/2017-de\/?p=823"},"modified":"2017-09-18T22:47:14","modified_gmt":"2017-09-18T20:47:14","slug":"anton-doll","status":"publish","type":"post","link":"https:\/\/www.grundeinkommen-ist-waehlbar.de\/2017-de\/anton-doll\/","title":{"rendered":"Anton Doll"},"content":{"rendered":"<p><a href=\"https:\/\/www.grundeinkommen-ist-waehlbar.de\/2017-de\/wp-content\/uploads\/sites\/3\/2017\/08\/18882124_1283172981801164_4424017042038516593_n.jpg\"><img decoding=\"async\" src=\"https:\/\/www.grundeinkommen-ist-waehlbar.de\/2017-de\/wp-content\/uploads\/sites\/3\/2017\/08\/18882124_1283172981801164_4424017042038516593_n.jpg\" width=\"250px\" height=\"110\" alt=\"18882124_1283172981801164_4424017042038516593_n\" style=\"display:inline-block\" \/><\/a> <\/p><p>B\u00fcndnis Grundeinkommen (BGE)<\/p>\n<p>Platz 5\u00a0 der Landesliste Schleswig-Holstein<\/p>\n<p>Pers\u00f6nliches Statement:<\/p>\n<p>Jeder Mensch hat ein Grundrecht auf W\u00fcrde &#8211; das bedingungslose Grundeinkommen verwirklicht diese W\u00fcrde.<\/p>\n<p>Zur Person:<\/p>\n","protected":false},"excerpt":{"rendered":"<p>B\u00fcndnis Grundeinkommen (BGE) Platz 5\u00a0 der Landesliste Schleswig-Holstein Pers\u00f6nliches Statement: Jeder Mensch hat ein Grundrecht auf W\u00fcrde &#8211; das bedingungslose Grundeinkommen verwirklicht diese W\u00fcrde. Zur Person:<\/p>\n","protected":false},"author":1,"featured_media":0,"comment_status":"closed","ping_status":"closed","sticky":false,"template":"","format":"standard","meta":{"footnotes":""},"categories":[57,54,357,391],"tags":[],"class_list":["post-823","post","type-post","status-publish","format-standard","hentry","category-buendnis-grundeinkommen","category-listenkandidatin","category-schleswig-holstein","category-listkandidatinnen-schleswig-holstein"],"_links":{"self":[{"href":"https:\/\/www.grundeinkommen-ist-waehlbar.de\/2017-de\/wp-json\/wp\/v2\/posts\/823","targetHints":{"allow":["GET"]}}],"collection":[{"href":"https:\/\/www.grundeinkommen-ist-waehlbar.de\/2017-de\/wp-json\/wp\/v2\/posts"}],"about":[{"href":"https:\/\/www.grundeinkommen-ist-waehlbar.de\/2017-de\/wp-json\/wp\/v2\/types\/post"}],"author":[{"embeddable":true,"href":"https:\/\/www.grundeinkommen-ist-waehlbar.de\/2017-de\/wp-json\/wp\/v2\/users\/1"}],"replies":[{"embeddable":true,"href":"https:\/\/www.grundeinkommen-ist-waehlbar.de\/2017-de\/wp-json\/wp\/v2\/comments?post=823"}],"version-history":[{"count":2,"href":"https:\/\/www.grundeinkommen-ist-waehlbar.de\/2017-de\/wp-json\/wp\/v2\/posts\/823\/revisions"}],"predecessor-version":[{"id":839,"href":"https:\/\/www.grundeinkommen-ist-waehlbar.de\/2017-de\/wp-json\/wp\/v2\/posts\/823\/revisions\/839"}],"wp:attachment":[{"href":"https:\/\/www.grundeinkommen-ist-waehlbar.de\/2017-de\/wp-json\/wp\/v2\/media?parent=823"}],"wp:term":[{"taxonomy":"category","embeddable":true,"href":"https:\/\/www.grundeinkommen-ist-waehlbar.de\/2017-de\/wp-json\/wp\/v2\/categories?post=823"},{"taxonomy":"post_tag","embeddable":true,"href":"https:\/\/www.grundeinkommen-ist-waehlbar.de\/2017-de\/wp-json\/wp\/v2\/tags?post=823"}],"curies":[{"name":"wp","href":"https:\/\/api.w.org\/{rel}","templated":true}]}}