{"id":826,"date":"2017-08-30T18:10:22","date_gmt":"2017-08-30T16:10:22","guid":{"rendered":"https:\/\/www.grundeinkommen-ist-waehlbar.de\/2017-de\/?p=826"},"modified":"2017-09-18T22:47:23","modified_gmt":"2017-09-18T20:47:23","slug":"sylvia-kotting-uhl","status":"publish","type":"post","link":"https:\/\/www.grundeinkommen-ist-waehlbar.de\/2017-de\/sylvia-kotting-uhl\/","title":{"rendered":"Sylvia Kotting-Uhl"},"content":{"rendered":"<p><a href=\"https:\/\/www.grundeinkommen-ist-waehlbar.de\/2017-de\/wp-content\/uploads\/sites\/3\/2017\/08\/Kotting-Uhl-Pressefoto_500x475_Pixel.jpg\"><img decoding=\"async\" src=\"https:\/\/www.grundeinkommen-ist-waehlbar.de\/2017-de\/wp-content\/uploads\/sites\/3\/2017\/08\/Kotting-Uhl-Pressefoto_500x475_Pixel-300x285.jpg\" width=\"250px\" height=\"285\" alt=\"Kotting-Uhl-Pressefoto_500x475_Pixel\" style=\"display:inline-block\" \/><\/a> <\/p><p>B\u00fcndnis 90\/Die Gr\u00fcnen<\/p>\n<p>Wahlkreis 271: Karlsruhe-Stadt<br \/>\nPlatz 3 der Landesliste Baden-W\u00fcrttemberg<\/p>\n<p>Pers\u00f6nliches Statement:<\/p>\n<p>Die Angst der Kritiker des Grundeinkommens, es w\u00fcrde dazu f\u00fchren, dass Menschen nicht mehr arbeiten, fu\u00dft auf einem seltsamen Menschenbild. Menschen wollen Teil der Gesellschaft sein, wollen sich einbringen, t\u00e4tig sein. Ein Grundeinkommen macht Menschen frei &#8211; nicht von, sondern f\u00fcr T\u00e4tigkeiten. Ich bin \u00fcberzeugt, das BGE erschlie\u00dft Potentiale und f\u00f6rdert Kreativit\u00e4t. Nicht nur das Individuum, die ganze Gesellschaft wird davon profitieren.<\/p>\n<p>Und wir achten damit Artikel 1 GG: &#8222;Die W\u00fcrde des Menschen ist unantastbar.&#8220;<\/p>\n<p>Zur Person:<\/p>\n<p>Website: <a href=\"http:\/\/www.kotting-uhl.de\">http:\/\/www.kotting-uhl.de<\/a><\/p>","protected":false},"excerpt":{"rendered":"<p>B\u00fcndnis 90\/Die Gr\u00fcnen Wahlkreis 271: Karlsruhe-Stadt Platz 3 der Landesliste Baden-W\u00fcrttemberg Pers\u00f6nliches Statement: Die Angst der Kritiker des Grundeinkommens, es w\u00fcrde dazu f\u00fchren, dass Menschen nicht mehr arbeiten, fu\u00dft auf einem seltsamen Menschenbild. Menschen wollen Teil der Gesellschaft sein, wollen sich einbringen, t\u00e4tig sein. Ein Grundeinkommen macht Menschen frei &#8211; nicht von, sondern f\u00fcr T\u00e4tigkeiten. &hellip; <\/p>\n<p class=\"link-more\"><a href=\"https:\/\/www.grundeinkommen-ist-waehlbar.de\/2017-de\/sylvia-kotting-uhl\/\" class=\"more-link\"><span class=\"screen-reader-text\">\u201eSylvia Kotting-Uhl\u201c <\/span>weiterlesen<\/a><\/p>\n","protected":false},"author":1,"featured_media":0,"comment_status":"closed","ping_status":"closed","sticky":false,"template":"","format":"standard","meta":{"footnotes":""},"categories":[22,377,56,54,325],"tags":[],"class_list":["post-826","post","type-post","status-publish","format-standard","hentry","category-baden-wuerttemberg","category-listkandidatinnen-baden-wuerttemberg","category-buendnis-90-die-gruenen","category-listenkandidatin","category-wahlkreis-271"],"_links":{"self":[{"href":"https:\/\/www.grundeinkommen-ist-waehlbar.de\/2017-de\/wp-json\/wp\/v2\/posts\/826","targetHints":{"allow":["GET"]}}],"collection":[{"href":"https:\/\/www.grundeinkommen-ist-waehlbar.de\/2017-de\/wp-json\/wp\/v2\/posts"}],"about":[{"href":"https:\/\/www.grundeinkommen-ist-waehlbar.de\/2017-de\/wp-json\/wp\/v2\/types\/post"}],"author":[{"embeddable":true,"href":"https:\/\/www.grundeinkommen-ist-waehlbar.de\/2017-de\/wp-json\/wp\/v2\/users\/1"}],"replies":[{"embeddable":true,"href":"https:\/\/www.grundeinkommen-ist-waehlbar.de\/2017-de\/wp-json\/wp\/v2\/comments?post=826"}],"version-history":[{"count":8,"href":"https:\/\/www.grundeinkommen-ist-waehlbar.de\/2017-de\/wp-json\/wp\/v2\/posts\/826\/revisions"}],"predecessor-version":[{"id":1326,"href":"https:\/\/www.grundeinkommen-ist-waehlbar.de\/2017-de\/wp-json\/wp\/v2\/posts\/826\/revisions\/1326"}],"wp:attachment":[{"href":"https:\/\/www.grundeinkommen-ist-waehlbar.de\/2017-de\/wp-json\/wp\/v2\/media?parent=826"}],"wp:term":[{"taxonomy":"category","embeddable":true,"href":"https:\/\/www.grundeinkommen-ist-waehlbar.de\/2017-de\/wp-json\/wp\/v2\/categories?post=826"},{"taxonomy":"post_tag","embeddable":true,"href":"https:\/\/www.grundeinkommen-ist-waehlbar.de\/2017-de\/wp-json\/wp\/v2\/tags?post=826"}],"curies":[{"name":"wp","href":"https:\/\/api.w.org\/{rel}","templated":true}]}}