{"id":841,"date":"2017-08-31T12:57:05","date_gmt":"2017-08-31T10:57:05","guid":{"rendered":"https:\/\/www.grundeinkommen-ist-waehlbar.de\/2017-de\/?p=841"},"modified":"2017-09-18T22:47:00","modified_gmt":"2017-09-18T20:47:00","slug":"diogenes-bernhard-albers","status":"publish","type":"post","link":"https:\/\/www.grundeinkommen-ist-waehlbar.de\/2017-de\/diogenes-bernhard-albers\/","title":{"rendered":"Diogenes Bernhard Albers"},"content":{"rendered":"<p><a href=\"https:\/\/www.grundeinkommen-ist-waehlbar.de\/2017-de\/wp-content\/uploads\/sites\/3\/2017\/08\/dio-bge-berlin-tafel500.jpg\"><img decoding=\"async\" src=\"https:\/\/www.grundeinkommen-ist-waehlbar.de\/2017-de\/wp-content\/uploads\/sites\/3\/2017\/08\/dio-bge-berlin-tafel500-300x300.jpg\" width=\"250px\" height=\"300\" alt=\"dio-bge-berlin-tafel500\" style=\"display:inline-block\" \/><\/a> <\/p><p>B\u00fcndnis Grundeinkommen (BGE)<\/p>\n<p>Platz 5 der Landesliste Baden-W\u00fcrttemberg<\/p>\n<p>Pers\u00f6nliches Statement:<\/p>\n<p>Menschen besitzen ein gro\u00dfes Potenziel, mit dessen Hilfe wir alle Probleme unserer Zeit in den Griff bekommen k\u00f6nnen. F\u00fcr die Entfaltung unserer F\u00e4higkeiten sind nicht Druck und Zwang erforderlich, sondern Individualit\u00e4t, Leichtigkeit und Freiheit. Wir brauchen nicht noch mehr KiTas und Ganztagsschulen, die uns von unseren Kindern befreien und uns eine Art von Erwerbsarbeit erm\u00f6glichen, die heute schon allzu h\u00e4ufig sinnlos oder gar sch\u00e4dlich f\u00fcr Umwelt und Gesellschaft ist. Sondern wir brauchen Spiel Raum, um zusammen mit unseren Kindern die Zukunft zu gestalten. Ein bedingungsloses Grundeinkommen f\u00f6rdert das Miteinander von Familien und von kreativen Menschen. Wir brauchen Initiative, und Initiative geschieht freiwillig, nicht unter Existenzdruck.<\/p>\n<p>Wir ben\u00f6tigen eine starke n\u00e4chste Generation, die ja zum Leben sagt. Daher brauchen wir Zeit, um unsere Kinder und Enkelkinder vorzubereiten und zu motivieren.<\/p>\n<p>Zur Person:<\/p>\n<p>Website: <a href=\"http:\/\/bw.buendnis-grundeinkommen.de\">http:\/\/bw.buendnis-grundeinkommen.de<\/a><\/p>","protected":false},"excerpt":{"rendered":"<p>B\u00fcndnis Grundeinkommen (BGE) Platz 5 der Landesliste Baden-W\u00fcrttemberg Pers\u00f6nliches Statement: Menschen besitzen ein gro\u00dfes Potenziel, mit dessen Hilfe wir alle Probleme unserer Zeit in den Griff bekommen k\u00f6nnen. F\u00fcr die Entfaltung unserer F\u00e4higkeiten sind nicht Druck und Zwang erforderlich, sondern Individualit\u00e4t, Leichtigkeit und Freiheit. Wir brauchen nicht noch mehr KiTas und Ganztagsschulen, die uns von &hellip; <\/p>\n<p class=\"link-more\"><a href=\"https:\/\/www.grundeinkommen-ist-waehlbar.de\/2017-de\/diogenes-bernhard-albers\/\" class=\"more-link\"><span class=\"screen-reader-text\">\u201eDiogenes Bernhard Albers\u201c <\/span>weiterlesen<\/a><\/p>\n","protected":false},"author":1,"featured_media":0,"comment_status":"closed","ping_status":"closed","sticky":false,"template":"","format":"standard","meta":{"footnotes":""},"categories":[22,377,57,54],"tags":[],"class_list":["post-841","post","type-post","status-publish","format-standard","hentry","category-baden-wuerttemberg","category-listkandidatinnen-baden-wuerttemberg","category-buendnis-grundeinkommen","category-listenkandidatin"],"_links":{"self":[{"href":"https:\/\/www.grundeinkommen-ist-waehlbar.de\/2017-de\/wp-json\/wp\/v2\/posts\/841","targetHints":{"allow":["GET"]}}],"collection":[{"href":"https:\/\/www.grundeinkommen-ist-waehlbar.de\/2017-de\/wp-json\/wp\/v2\/posts"}],"about":[{"href":"https:\/\/www.grundeinkommen-ist-waehlbar.de\/2017-de\/wp-json\/wp\/v2\/types\/post"}],"author":[{"embeddable":true,"href":"https:\/\/www.grundeinkommen-ist-waehlbar.de\/2017-de\/wp-json\/wp\/v2\/users\/1"}],"replies":[{"embeddable":true,"href":"https:\/\/www.grundeinkommen-ist-waehlbar.de\/2017-de\/wp-json\/wp\/v2\/comments?post=841"}],"version-history":[{"count":3,"href":"https:\/\/www.grundeinkommen-ist-waehlbar.de\/2017-de\/wp-json\/wp\/v2\/posts\/841\/revisions"}],"predecessor-version":[{"id":855,"href":"https:\/\/www.grundeinkommen-ist-waehlbar.de\/2017-de\/wp-json\/wp\/v2\/posts\/841\/revisions\/855"}],"wp:attachment":[{"href":"https:\/\/www.grundeinkommen-ist-waehlbar.de\/2017-de\/wp-json\/wp\/v2\/media?parent=841"}],"wp:term":[{"taxonomy":"category","embeddable":true,"href":"https:\/\/www.grundeinkommen-ist-waehlbar.de\/2017-de\/wp-json\/wp\/v2\/categories?post=841"},{"taxonomy":"post_tag","embeddable":true,"href":"https:\/\/www.grundeinkommen-ist-waehlbar.de\/2017-de\/wp-json\/wp\/v2\/tags?post=841"}],"curies":[{"name":"wp","href":"https:\/\/api.w.org\/{rel}","templated":true}]}}