{"id":870,"date":"2017-08-31T18:33:10","date_gmt":"2017-08-31T16:33:10","guid":{"rendered":"https:\/\/www.grundeinkommen-ist-waehlbar.de\/2017-de\/?p=870"},"modified":"2017-09-18T22:46:33","modified_gmt":"2017-09-18T20:46:33","slug":"dirk-schmelz","status":"publish","type":"post","link":"https:\/\/www.grundeinkommen-ist-waehlbar.de\/2017-de\/dirk-schmelz\/","title":{"rendered":"Dirk Schmelz"},"content":{"rendered":"<p><a href=\"https:\/\/www.grundeinkommen-ist-waehlbar.de\/2017-de\/wp-content\/uploads\/sites\/3\/2017\/08\/20429810_305251316613047_8951381104402682254_n.jpg\"><img decoding=\"async\" src=\"https:\/\/www.grundeinkommen-ist-waehlbar.de\/2017-de\/wp-content\/uploads\/sites\/3\/2017\/08\/20429810_305251316613047_8951381104402682254_n-300x300.jpg\" width=\"250px\" height=\"300\" alt=\"20429810_305251316613047_8951381104402682254_n\" style=\"display:inline-block\" \/><\/a> <\/p><p>B\u00fcndnis Grundeinkommen (BGE)<\/p>\n<p>Platz 7 der Landesliste Hessen<\/p>\n<p>Pers\u00f6nliches Statement:<\/p>\n<p>Das bedingungslose Grundeinkommen<\/p>\n<p>Diese kleine \u00c4nderung in der Logistik der Ressourcen unseres Gesellschaftssystems hat f\u00fcr jeden einzelnen von uns gro\u00dfe existenzielle Bedeutung.<br \/>\nSie ist die vielleicht gr\u00f6\u00dfte humanistische Entwicklung seit der Etablierung der Arbeitsteilung.<\/p>\n<p>Es hat das Potenzial eine neohumanistische Bewegung auszul\u00f6sen.<\/p>\n<p>Zur Kl\u00e4rung der offenen Fragen in den Themen Leistungsgerechtigkeit, Finanzierung und Eigenverantwortung, nutze ich mit vielen Freunden, die andere gro\u00dfe humanistische Idee, die Demokratie.<\/p>\n<p>In welcher Partei, Verein oder sonstige Organisation Ihr auch t\u00e4tig seit, ich lade euch ein mitzumachen!<br \/>\nDie Zukunft, in der wir m\u00f6chten, dass unsere Kinder leben, kann nur durch uns selbst gestaltet werden.<\/p>\n<p>Zur Person:<\/p>\n<p>Ich bin 47 Jahre alt, verheiratet und als Systemadministrator bei einem mittelst\u00e4ndischen Betrieb in Nordhessen besch\u00e4ftigt.<br \/>\nIn der AG Grundeinkommen Kassel bin ich aktiv, unterst\u00fctze den Tierschutz und spiele leidenschaftlich gerne Tennis.<\/p>\n","protected":false},"excerpt":{"rendered":"<p>B\u00fcndnis Grundeinkommen (BGE) Platz 7 der Landesliste Hessen Pers\u00f6nliches Statement: Das bedingungslose Grundeinkommen Diese kleine \u00c4nderung in der Logistik der Ressourcen unseres Gesellschaftssystems hat f\u00fcr jeden einzelnen von uns gro\u00dfe existenzielle Bedeutung. Sie ist die vielleicht gr\u00f6\u00dfte humanistische Entwicklung seit der Etablierung der Arbeitsteilung. Es hat das Potenzial eine neohumanistische Bewegung auszul\u00f6sen. Zur Kl\u00e4rung der &hellip; <\/p>\n<p class=\"link-more\"><a href=\"https:\/\/www.grundeinkommen-ist-waehlbar.de\/2017-de\/dirk-schmelz\/\" class=\"more-link\"><span class=\"screen-reader-text\">\u201eDirk Schmelz\u201c <\/span>weiterlesen<\/a><\/p>\n","protected":false},"author":1,"featured_media":0,"comment_status":"closed","ping_status":"closed","sticky":false,"template":"","format":"standard","meta":{"footnotes":""},"categories":[57,18,383,54],"tags":[],"class_list":["post-870","post","type-post","status-publish","format-standard","hentry","category-buendnis-grundeinkommen","category-hessen","category-listkandidatinnen-hessen","category-listenkandidatin"],"_links":{"self":[{"href":"https:\/\/www.grundeinkommen-ist-waehlbar.de\/2017-de\/wp-json\/wp\/v2\/posts\/870","targetHints":{"allow":["GET"]}}],"collection":[{"href":"https:\/\/www.grundeinkommen-ist-waehlbar.de\/2017-de\/wp-json\/wp\/v2\/posts"}],"about":[{"href":"https:\/\/www.grundeinkommen-ist-waehlbar.de\/2017-de\/wp-json\/wp\/v2\/types\/post"}],"author":[{"embeddable":true,"href":"https:\/\/www.grundeinkommen-ist-waehlbar.de\/2017-de\/wp-json\/wp\/v2\/users\/1"}],"replies":[{"embeddable":true,"href":"https:\/\/www.grundeinkommen-ist-waehlbar.de\/2017-de\/wp-json\/wp\/v2\/comments?post=870"}],"version-history":[{"count":5,"href":"https:\/\/www.grundeinkommen-ist-waehlbar.de\/2017-de\/wp-json\/wp\/v2\/posts\/870\/revisions"}],"predecessor-version":[{"id":887,"href":"https:\/\/www.grundeinkommen-ist-waehlbar.de\/2017-de\/wp-json\/wp\/v2\/posts\/870\/revisions\/887"}],"wp:attachment":[{"href":"https:\/\/www.grundeinkommen-ist-waehlbar.de\/2017-de\/wp-json\/wp\/v2\/media?parent=870"}],"wp:term":[{"taxonomy":"category","embeddable":true,"href":"https:\/\/www.grundeinkommen-ist-waehlbar.de\/2017-de\/wp-json\/wp\/v2\/categories?post=870"},{"taxonomy":"post_tag","embeddable":true,"href":"https:\/\/www.grundeinkommen-ist-waehlbar.de\/2017-de\/wp-json\/wp\/v2\/tags?post=870"}],"curies":[{"name":"wp","href":"https:\/\/api.w.org\/{rel}","templated":true}]}}