{"id":913,"date":"2017-09-01T14:55:54","date_gmt":"2017-09-01T12:55:54","guid":{"rendered":"https:\/\/www.grundeinkommen-ist-waehlbar.de\/2017-de\/?p=913"},"modified":"2017-09-18T22:40:01","modified_gmt":"2017-09-18T20:40:01","slug":"ulrich-niedermann","status":"publish","type":"post","link":"https:\/\/www.grundeinkommen-ist-waehlbar.de\/2017-de\/ulrich-niedermann\/","title":{"rendered":"Ulrich Niedermann"},"content":{"rendered":"<p>\u00d6kologisch-Demokratische-Partei (\u00d6DP)<\/p>\n<p>Platz 3 der Landesliste Schleswig-Holstein<\/p>\n<p>Pers\u00f6nliches Statement:<\/p>\n<p>jeder Mensch hat das Recht auf einen angemessenen Lebensunterhalt<\/p>\n<p>Zur Person:<\/p>\n<p>Leiter der Sozialberatung in der ges. Unfallversicherung<\/p>\n","protected":false},"excerpt":{"rendered":"<p>\u00d6kologisch-Demokratische-Partei (\u00d6DP) Platz 3 der Landesliste Schleswig-Holstein Pers\u00f6nliches Statement: jeder Mensch hat das Recht auf einen angemessenen Lebensunterhalt Zur Person: Leiter der Sozialberatung in der ges. Unfallversicherung<\/p>\n","protected":false},"author":1,"featured_media":0,"comment_status":"closed","ping_status":"closed","sticky":false,"template":"","format":"standard","meta":{"footnotes":""},"categories":[54,62,391,357],"tags":[],"class_list":["post-913","post","type-post","status-publish","format-standard","hentry","category-listenkandidatin","category-oedp","category-listkandidatinnen-schleswig-holstein","category-schleswig-holstein"],"_links":{"self":[{"href":"https:\/\/www.grundeinkommen-ist-waehlbar.de\/2017-de\/wp-json\/wp\/v2\/posts\/913","targetHints":{"allow":["GET"]}}],"collection":[{"href":"https:\/\/www.grundeinkommen-ist-waehlbar.de\/2017-de\/wp-json\/wp\/v2\/posts"}],"about":[{"href":"https:\/\/www.grundeinkommen-ist-waehlbar.de\/2017-de\/wp-json\/wp\/v2\/types\/post"}],"author":[{"embeddable":true,"href":"https:\/\/www.grundeinkommen-ist-waehlbar.de\/2017-de\/wp-json\/wp\/v2\/users\/1"}],"replies":[{"embeddable":true,"href":"https:\/\/www.grundeinkommen-ist-waehlbar.de\/2017-de\/wp-json\/wp\/v2\/comments?post=913"}],"version-history":[{"count":2,"href":"https:\/\/www.grundeinkommen-ist-waehlbar.de\/2017-de\/wp-json\/wp\/v2\/posts\/913\/revisions"}],"predecessor-version":[{"id":920,"href":"https:\/\/www.grundeinkommen-ist-waehlbar.de\/2017-de\/wp-json\/wp\/v2\/posts\/913\/revisions\/920"}],"wp:attachment":[{"href":"https:\/\/www.grundeinkommen-ist-waehlbar.de\/2017-de\/wp-json\/wp\/v2\/media?parent=913"}],"wp:term":[{"taxonomy":"category","embeddable":true,"href":"https:\/\/www.grundeinkommen-ist-waehlbar.de\/2017-de\/wp-json\/wp\/v2\/categories?post=913"},{"taxonomy":"post_tag","embeddable":true,"href":"https:\/\/www.grundeinkommen-ist-waehlbar.de\/2017-de\/wp-json\/wp\/v2\/tags?post=913"}],"curies":[{"name":"wp","href":"https:\/\/api.w.org\/{rel}","templated":true}]}}