{"id":945,"date":"2017-09-03T14:03:26","date_gmt":"2017-09-03T12:03:26","guid":{"rendered":"https:\/\/www.grundeinkommen-ist-waehlbar.de\/2017-de\/?p=945"},"modified":"2017-09-18T22:37:43","modified_gmt":"2017-09-18T20:37:43","slug":"inga-brettschneider","status":"publish","type":"post","link":"https:\/\/www.grundeinkommen-ist-waehlbar.de\/2017-de\/inga-brettschneider\/","title":{"rendered":"Inga Brettschneider"},"content":{"rendered":"<p>\u00d6kologisch-Demokratische Partei (\u00d6DP)<\/p>\n<p>Wahlkreis 027: Ammerland -Oldenburg<br \/>\nPlatz 4 der Landesliste Niedersachsen<\/p>\n<p>Pers\u00f6nliches Statement:<\/p>\n<p>Die \u00d6DP ist f\u00fcr ein human\u00f6kologisches Einkommen.<\/p>\n<p>Zur Person:<\/p>\n<p>.\/.<\/p>\n<p>Website: <a href=\"http:\/\/entf\u00e4llt\">http:\/\/entf\u00e4llt<\/a><\/p>","protected":false},"excerpt":{"rendered":"<p>\u00d6kologisch-Demokratische Partei (\u00d6DP) Wahlkreis 027: Ammerland -Oldenburg Platz 4 der Landesliste Niedersachsen Pers\u00f6nliches Statement: Die \u00d6DP ist f\u00fcr ein human\u00f6kologisches Einkommen. Zur Person: .\/. Website: http:\/\/entf\u00e4llt<\/p>\n","protected":false},"author":1,"featured_media":0,"comment_status":"closed","ping_status":"closed","sticky":false,"template":"","format":"standard","meta":{"footnotes":""},"categories":[54,385,11,62,81],"tags":[],"class_list":["post-945","post","type-post","status-publish","format-standard","hentry","category-listenkandidatin","category-listkandidatinnen-niedersachsen","category-niedersachsen","category-oedp","category-wahlkreis-027"],"_links":{"self":[{"href":"https:\/\/www.grundeinkommen-ist-waehlbar.de\/2017-de\/wp-json\/wp\/v2\/posts\/945","targetHints":{"allow":["GET"]}}],"collection":[{"href":"https:\/\/www.grundeinkommen-ist-waehlbar.de\/2017-de\/wp-json\/wp\/v2\/posts"}],"about":[{"href":"https:\/\/www.grundeinkommen-ist-waehlbar.de\/2017-de\/wp-json\/wp\/v2\/types\/post"}],"author":[{"embeddable":true,"href":"https:\/\/www.grundeinkommen-ist-waehlbar.de\/2017-de\/wp-json\/wp\/v2\/users\/1"}],"replies":[{"embeddable":true,"href":"https:\/\/www.grundeinkommen-ist-waehlbar.de\/2017-de\/wp-json\/wp\/v2\/comments?post=945"}],"version-history":[{"count":2,"href":"https:\/\/www.grundeinkommen-ist-waehlbar.de\/2017-de\/wp-json\/wp\/v2\/posts\/945\/revisions"}],"predecessor-version":[{"id":948,"href":"https:\/\/www.grundeinkommen-ist-waehlbar.de\/2017-de\/wp-json\/wp\/v2\/posts\/945\/revisions\/948"}],"wp:attachment":[{"href":"https:\/\/www.grundeinkommen-ist-waehlbar.de\/2017-de\/wp-json\/wp\/v2\/media?parent=945"}],"wp:term":[{"taxonomy":"category","embeddable":true,"href":"https:\/\/www.grundeinkommen-ist-waehlbar.de\/2017-de\/wp-json\/wp\/v2\/categories?post=945"},{"taxonomy":"post_tag","embeddable":true,"href":"https:\/\/www.grundeinkommen-ist-waehlbar.de\/2017-de\/wp-json\/wp\/v2\/tags?post=945"}],"curies":[{"name":"wp","href":"https:\/\/api.w.org\/{rel}","templated":true}]}}