{"id":28,"count":1,"description":"Von der Stadt K\u00f6ln vom Stadtbezirk 1 Innenstadt die Stadtteile 101 Altstadt-S\u00fcd und 102 Neustadt-S\u00fcd sowie der Stadtbezirk 2 Rodenkirchen","link":"https:\/\/www.grundeinkommen-ist-waehlbar.de\/2017-nrw\/kandidatinnen\/wahlkreise\/wahlkreis-013-koeln-i\/","name":"Wahlkreis 013 (K\u00f6ln I)","slug":"wahlkreis-013-koeln-i","taxonomy":"category","parent":6,"meta":[],"_links":{"self":[{"href":"https:\/\/www.grundeinkommen-ist-waehlbar.de\/2017-nrw\/wp-json\/wp\/v2\/categories\/28","targetHints":{"allow":["GET"]}}],"collection":[{"href":"https:\/\/www.grundeinkommen-ist-waehlbar.de\/2017-nrw\/wp-json\/wp\/v2\/categories"}],"about":[{"href":"https:\/\/www.grundeinkommen-ist-waehlbar.de\/2017-nrw\/wp-json\/wp\/v2\/taxonomies\/category"}],"up":[{"embeddable":true,"href":"https:\/\/www.grundeinkommen-ist-waehlbar.de\/2017-nrw\/wp-json\/wp\/v2\/categories\/6"}],"wp:post_type":[{"href":"https:\/\/www.grundeinkommen-ist-waehlbar.de\/2017-nrw\/wp-json\/wp\/v2\/posts?categories=28"}],"curies":[{"name":"wp","href":"https:\/\/api.w.org\/{rel}","templated":true}]}}