{"id":67,"count":1,"description":"Vom Kreis Viersen die Gemeinden Br\u00fcggen, Grefrath, Kempen, Nettetal, Niederkr\u00fcchten und T\u00f6nisvorst","link":"https:\/\/www.grundeinkommen-ist-waehlbar.de\/2017-nrw\/kandidatinnen\/wahlkreise\/wahlkreis-052-viersen-ii\/","name":"Wahlkreis 052 (Viersen II)","slug":"wahlkreis-052-viersen-ii","taxonomy":"category","parent":6,"meta":[],"_links":{"self":[{"href":"https:\/\/www.grundeinkommen-ist-waehlbar.de\/2017-nrw\/wp-json\/wp\/v2\/categories\/67","targetHints":{"allow":["GET"]}}],"collection":[{"href":"https:\/\/www.grundeinkommen-ist-waehlbar.de\/2017-nrw\/wp-json\/wp\/v2\/categories"}],"about":[{"href":"https:\/\/www.grundeinkommen-ist-waehlbar.de\/2017-nrw\/wp-json\/wp\/v2\/taxonomies\/category"}],"up":[{"embeddable":true,"href":"https:\/\/www.grundeinkommen-ist-waehlbar.de\/2017-nrw\/wp-json\/wp\/v2\/categories\/6"}],"wp:post_type":[{"href":"https:\/\/www.grundeinkommen-ist-waehlbar.de\/2017-nrw\/wp-json\/wp\/v2\/posts?categories=67"}],"curies":[{"name":"wp","href":"https:\/\/api.w.org\/{rel}","templated":true}]}}